{"id":41463,"date":"2025-06-25T03:24:05","date_gmt":"2025-06-25T03:24:05","guid":{"rendered":"https:\/\/haberbesiktas.tr\/?p=41463"},"modified":"2025-06-25T03:24:05","modified_gmt":"2025-06-25T03:24:05","slug":"kurulus-osman-yusuf-diziden-ayrildi-mi-neden-ayrildi","status":"publish","type":"post","link":"https:\/\/haberbesiktas.tr\/?p=41463","title":{"rendered":"Kurulu\u015f Osman Yusuf diziden ayr\u0131ld\u0131 m\u0131, neden, ayr\u0131ld\u0131?"},"content":{"rendered":"<div><span>ATV&#8217;nin reyting rekortmeni dizisi Kurulu\u015f Osman, alt\u0131nc\u0131 d\u00f6nemiyle \u00e7ar\u015famba ak\u015famlar\u0131 izleyicileri ekran ba\u015f\u0131na kilitlemeye devam ederken, tak\u0131mda pe\u015f pe\u015fe ayr\u0131l\u0131klar ya\u015fan\u0131yor. Son olarak Yusuf karakterine hayat veren gen\u00e7 oyuncu Ali \u00d6ns\u00f6z&#8217;\u00fcn diziden \u00e7\u0131kaca\u011f\u0131 konu\u015fuluyor.<\/span><\/p>\n<p><strong>KURULU\u015e OSMAN YUSUF D\u0130Z\u0130DEN AYRILDI MI, NEDEN?<\/strong><br \/><span>Kurulu\u015f Osman&#8217;da Ke\u00e7ili\u015fah Beyli\u011fi&#8217;nin sava\u015f\u00e7\u0131s\u0131 Yusuf karakterini canland\u0131ran Ali \u00d6ns\u00f6z&#8217;\u00fcn diziden ayr\u0131ld\u0131\u011f\u0131 kat\u0131la\u015ft\u0131. 9 Nisan 2025&#8217;te yay\u0131nlanan 187. k\u0131s\u0131m, oyuncunun son sahnesi oldu.<\/span><\/p>\n<p><span>Yusuf, ablas\u0131 Beg\u00fcm Hatun&#8217;un tesiriyle \u015f\u0131mar\u0131k ancak sad\u0131k bir karakter olarak izleyicinin ilgisini \u00e7ekmi\u015fti. \u00d6yk\u00fc gere\u011fi diziden \u00e7\u0131kt\u0131\u011f\u0131 belirtilen \u00d6ns\u00f6z&#8217;\u00fcn aksiyon sahnesi \u00e7ekerken aya\u011f\u0131n\u0131n \u00f6n \u00e7apraz ba\u011flar\u0131 kopmu\u015ftu.<\/span><\/p>\n<p><strong>AL\u0130 \u00d6NS\u00d6Z KURULU\u015e OSMAN D\u0130Z\u0130S\u0130NDEN NEDEN AYRILDI?<\/strong><br \/><span>Ali \u00d6ns\u00f6z Kurulu\u015f Osman&#8217;dan resmen ayr\u0131ld\u0131. 25 ya\u015f\u0131ndaki gen\u00e7 oyuncunun, 187. k\u0131s\u0131mla birlikte diziye veda etti\u011fi do\u011fruland\u0131. Bozda\u011f Sinema&#8217;n\u0131n imzas\u0131n\u0131 ta\u015f\u0131yan ve Ahmet Y\u0131lmaz&#8217;\u0131n direkt\u00f6rl\u00fc\u011f\u00fcnde \u00e7ekilen dizinin yeni d\u00f6nemde \u015fekillenecek \u00f6yk\u00fcs\u00fc gere\u011fi ayr\u0131l\u0131klar ya\u015fan\u0131yor.<\/span><\/p>\n<p><strong>AL\u0130 \u00d6NS\u00d6Z K\u0130MD\u0130R?<\/strong><br \/><span>2000 y\u0131l\u0131nda Antalya&#8217;da do\u011fan Ali \u00d6ns\u00f6z, oyunculuk mesle\u011fine 2021&#8217;de Sana Kelam dizisindeki Bora karakteriyle ad\u0131m att\u0131. Akabinde &#8220;Darmaduman&#8221; ve &#8220;Ate\u015f Ku\u015flar\u0131&#8221; \u00fczere dizilerde rol alarak geni\u015f kitlelerce tan\u0131nan bir isim oldu<\/span><\/div>\n<p> <\/p>\n<div>Haber ile daha fazlas\u0131na ula\u015f\u0131n:<\/div>\n<div>Kurulu\u015f Osman<\/div>\n<div>G\u00fcndem<\/div>\n","protected":false},"excerpt":{"rendered":"<p>Kurulu\u015f Osman&#8217;\u0131n sevilen karakteri Yusuf&#8217;u canland\u0131ran Ali \u00d6ns\u00f6z diziden ayr\u0131ld\u0131\u011f\u0131 duyuruldu. Reytinglerde birinci gelen Kurulu\u015f Osman dizisinin yeni d\u00f6neminde k\u0131ssa de\u011fi\u015fikli\u011fi nedeniyle ayr\u0131l\u0131klar ya\u015fan\u0131yor. Ali \u00d6ns\u00f6z&#8217;\u00fcn ka\u00e7\u0131nc\u0131 k\u0131s\u0131mda diziden \u00e7\u0131kaca\u011f\u0131 a\u015fik\u00e2r oldu. Pekala, Kurulu\u015f Osman Yusuf diziden ayr\u0131ld\u0131 m\u0131, neden, ayr\u0131ld\u0131?<\/p>\n","protected":false},"author":1,"featured_media":41464,"comment_status":"open","ping_status":"open","sticky":false,"template":"","format":"standard","meta":{"footnotes":""},"categories":[10],"tags":[3138,3139],"class_list":["post-41463","post","type-post","status-publish","format-standard","has-post-thumbnail","hentry","category-basketbol","tag-ali-onsoz","tag-kurulus-osman"],"_links":{"self":[{"href":"https:\/\/haberbesiktas.tr\/index.php?rest_route=\/wp\/v2\/posts\/41463","targetHints":{"allow":["GET"]}}],"collection":[{"href":"https:\/\/haberbesiktas.tr\/index.php?rest_route=\/wp\/v2\/posts"}],"about":[{"href":"https:\/\/haberbesiktas.tr\/index.php?rest_route=\/wp\/v2\/types\/post"}],"author":[{"embeddable":true,"href":"https:\/\/haberbesiktas.tr\/index.php?rest_route=\/wp\/v2\/users\/1"}],"replies":[{"embeddable":true,"href":"https:\/\/haberbesiktas.tr\/index.php?rest_route=%2Fwp%2Fv2%2Fcomments&post=41463"}],"version-history":[{"count":1,"href":"https:\/\/haberbesiktas.tr\/index.php?rest_route=\/wp\/v2\/posts\/41463\/revisions"}],"predecessor-version":[{"id":41465,"href":"https:\/\/haberbesiktas.tr\/index.php?rest_route=\/wp\/v2\/posts\/41463\/revisions\/41465"}],"wp:featuredmedia":[{"embeddable":true,"href":"https:\/\/haberbesiktas.tr\/index.php?rest_route=\/wp\/v2\/media\/41464"}],"wp:attachment":[{"href":"https:\/\/haberbesiktas.tr\/index.php?rest_route=%2Fwp%2Fv2%2Fmedia&parent=41463"}],"wp:term":[{"taxonomy":"category","embeddable":true,"href":"https:\/\/haberbesiktas.tr\/index.php?rest_route=%2Fwp%2Fv2%2Fcategories&post=41463"},{"taxonomy":"post_tag","embeddable":true,"href":"https:\/\/haberbesiktas.tr\/index.php?rest_route=%2Fwp%2Fv2%2Ftags&post=41463"}],"curies":[{"name":"wp","href":"https:\/\/api.w.org\/{rel}","templated":true}]}}