{"id":41475,"date":"2025-06-25T04:00:05","date_gmt":"2025-06-25T04:00:05","guid":{"rendered":"https:\/\/haberbesiktas.tr\/?p=41475"},"modified":"2025-06-25T04:00:05","modified_gmt":"2025-06-25T04:00:05","slug":"kara-kenan-2-sezon-var-mi-gelecek-mi","status":"publish","type":"post","link":"https:\/\/haberbesiktas.tr\/?p=41475","title":{"rendered":"Kara Kenan 2. Sezon Var m\u0131, Gelecek mi?"},"content":{"rendered":"<div><span>Yay\u0131nland\u0131\u011f\u0131 periyotta b\u00fcy\u00fck ilgi g\u00f6ren Kara Kenan, kendine has \u00f6yk\u00fcs\u00fc ve ba\u015far\u0131l\u0131 oyuncu tak\u0131m\u0131yla dikkatleri \u00fczerine \u00e7ekmeyi ba\u015farm\u0131\u015ft\u0131. Pekala, Kara Kenan yeni d\u00f6nem i\u00e7in beklenen m\u00fcjdeli haber geldi mi? \u0130\u015fte Kara Kenan 2. d\u00f6nem ile ilgili \u015fu ana kadar bilinenler ve merak edilen t\u00fcm detaylar!<\/span><\/p>\n<p><strong>Kara Kenan 2. D\u00f6nem Var m\u0131, Gelecek mi?\u00a0<\/strong><\/p>\n<p><span>Kara Kenan dizisinin birinci d\u00f6neminin final yapmas\u0131n\u0131n akabinde, izleyiciler toplumsal medya platformlar\u0131nda ve \u00e7e\u015fitli forumlarda a\u011f\u0131r bir halde Kara Kenan 2. d\u00f6nem beklentilerini lisana getiriyor. Lakin \u015fu ana kadar \u00fcretimciler yahut yay\u0131nc\u0131 kurulu\u015ftan Kara Kenan yeni d\u00f6nem ile ilgili resmi bir a\u00e7\u0131klama gelmedi. Bu durum, dizinin hayranlar\u0131 ortas\u0131nda belirsizli\u011fe yol a\u00e7sa da, umutlar hala t\u00fckenmi\u015f de\u011fil.<\/span><\/p>\n<p><span>Kara Kenan yeni d\u00f6nem onay\u0131n\u0131n verilip verilmeyece\u011fi, \u00e7oklukla dizinin birinci d\u00f6neminin izlenme oranlar\u0131, ele\u015ftirmenlerden ald\u0131\u011f\u0131 notlar ve toplumsal medyadaki yank\u0131s\u0131 \u00fczere fakt\u00f6rlere ba\u011fl\u0131d\u0131r. \u015eayet Kara Kenan birinci d\u00f6neminde ba\u015far\u0131l\u0131 bir performans sergilediyse ve geni\u015f bir izleyici kitlesi edindiyse, Kara Kenan 2. d\u00f6nem i\u00e7in ye\u015fil \u0131\u015f\u0131k yak\u0131lmas\u0131 m\u00fcmk\u00fcnl\u00fc\u011f\u00fc epeyce y\u00fcksek.<\/span><\/div>\n<p> <\/p>\n<div>Haber ile daha fazlas\u0131na ula\u015f\u0131n:<\/div>\n<div>G\u00fcndem<\/div>\n","protected":false},"excerpt":{"rendered":"<p>Son vakitlerde isminden s\u0131k\u00e7a kelam ettiren Kara Kenan dizisinin hayranlar\u0131, birinci d\u00f6nemin akabinde b\u00fcy\u00fck bir merakla Kara Kenan 2. d\u00f6nem olup olmayaca\u011f\u0131n\u0131 ve ne vakit yay\u0131nlanaca\u011f\u0131n\u0131 ara\u015ft\u0131r\u0131yor.<\/p>\n","protected":false},"author":1,"featured_media":41476,"comment_status":"open","ping_status":"open","sticky":false,"template":"","format":"standard","meta":{"footnotes":""},"categories":[10],"tags":[3146,57],"class_list":["post-41475","post","type-post","status-publish","format-standard","has-post-thumbnail","hentry","category-basketbol","tag-kara-kenan","tag-sezon"],"_links":{"self":[{"href":"https:\/\/haberbesiktas.tr\/index.php?rest_route=\/wp\/v2\/posts\/41475","targetHints":{"allow":["GET"]}}],"collection":[{"href":"https:\/\/haberbesiktas.tr\/index.php?rest_route=\/wp\/v2\/posts"}],"about":[{"href":"https:\/\/haberbesiktas.tr\/index.php?rest_route=\/wp\/v2\/types\/post"}],"author":[{"embeddable":true,"href":"https:\/\/haberbesiktas.tr\/index.php?rest_route=\/wp\/v2\/users\/1"}],"replies":[{"embeddable":true,"href":"https:\/\/haberbesiktas.tr\/index.php?rest_route=%2Fwp%2Fv2%2Fcomments&post=41475"}],"version-history":[{"count":1,"href":"https:\/\/haberbesiktas.tr\/index.php?rest_route=\/wp\/v2\/posts\/41475\/revisions"}],"predecessor-version":[{"id":41477,"href":"https:\/\/haberbesiktas.tr\/index.php?rest_route=\/wp\/v2\/posts\/41475\/revisions\/41477"}],"wp:featuredmedia":[{"embeddable":true,"href":"https:\/\/haberbesiktas.tr\/index.php?rest_route=\/wp\/v2\/media\/41476"}],"wp:attachment":[{"href":"https:\/\/haberbesiktas.tr\/index.php?rest_route=%2Fwp%2Fv2%2Fmedia&parent=41475"}],"wp:term":[{"taxonomy":"category","embeddable":true,"href":"https:\/\/haberbesiktas.tr\/index.php?rest_route=%2Fwp%2Fv2%2Fcategories&post=41475"},{"taxonomy":"post_tag","embeddable":true,"href":"https:\/\/haberbesiktas.tr\/index.php?rest_route=%2Fwp%2Fv2%2Ftags&post=41475"}],"curies":[{"name":"wp","href":"https:\/\/api.w.org\/{rel}","templated":true}]}}