{"id":41478,"date":"2025-06-25T04:12:04","date_gmt":"2025-06-25T04:12:04","guid":{"rendered":"https:\/\/haberbesiktas.tr\/?p=41478"},"modified":"2025-06-25T04:12:04","modified_gmt":"2025-06-25T04:12:04","slug":"osayi-samuelde-ibre-tersine-dondu-2","status":"publish","type":"post","link":"https:\/\/haberbesiktas.tr\/?p=41478","title":{"rendered":"Osayi-Samuel&#8217;de ibre tersine d\u00f6nd\u00fc!"},"content":{"rendered":"<div>Fenerbah\u00e7e&#8217;de uzun m\u00fcddettir yeni kontrat\u0131 hakk\u0131nda konu\u015fulan ve sonu\u00e7 al\u0131namayan Osayi-Samuel ile yeni kontrat konusu g\u00fcndemde.<\/p>\n<p> Ge\u00e7en hafta oynanan Trabzonspor ma\u00e7\u0131nda tesirli performans g\u00f6steren oyuncu i\u00e7in Sar\u0131-Lacivertli idarenin daha evvel teklif yapt\u0131\u011f\u0131 \u00f6\u011frenilmi\u015fti. Ald\u0131\u011f\u0131 y\u0131ll\u0131k fiyattan \u00f6t\u00fcr\u00fc kontrat teklifini kabul etmeyen Nijeryal\u0131 y\u0131ld\u0131z\u0131n, art\u0131k Fenerbah\u00e7e&#8217;de kalmaya s\u0131cak bakt\u0131\u011f\u0131 \u00f6ne s\u00fcr\u00fcl\u00fcyor.<\/p>\n<p> Bu sefer ise Fenerbah\u00e7e idaresinin 27 ya\u015f\u0131ndaki savunmac\u0131n\u0131n kalmas\u0131na s\u0131cak bakmad\u0131\u011f\u0131 belirtiliyor. Bunun sebebi ise Fenerbah\u00e7e&#8217;nin orta transferde Ognjen Mimovic&#8217;i tak\u0131m\u0131na katmas\u0131 olarak g\u00f6steriliyor.<\/p>\n<p> Sar\u0131-Lacivertliler, S\u0131rp y\u0131ld\u0131z\u0131 4 milyon Euro bedelle K\u0131z\u0131ly\u0131ld\u0131z&#8217;dan tak\u0131m\u0131na katm\u0131\u015ft\u0131 ve d\u00f6nem sonuna kadar Zenit&#8217;e kiralam\u0131\u015ft\u0131. 20 ya\u015f\u0131ndaki futbolcunun d\u00f6nem sonunda Fenerbah\u00e7e&#8217;ye d\u00f6nece\u011fi gelen bilgiler ortas\u0131nda.<\/p>\n<p> <strong>PERFORMANSI<\/strong><\/p>\n<p> Akt\u00fcel piyasa pahas\u0131 7 milyon Euro olarak g\u00f6sterilen Nijeryal\u0131 futbolcu, bu d\u00f6nem 32 ma\u00e7ta 1979 dakika alanda kal\u0131rken 2 asistlik katk\u0131 verdi.\u00a0<\/p>\n<div>\u00a0<\/div>\n<\/div>\n<p><\/p>\n","protected":false},"excerpt":{"rendered":"<p>Fenerbah\u00e7e ile kontrat\u0131 d\u00f6nem sonunda bitecek olan ve sar\u0131-lacivertli tak\u0131mdaki gelece\u011fi hala belirsizli\u011fini koruyan Bright Osayi-Samuel hakk\u0131nda k\u0131ymetli bir geli\u015fme ya\u015fand\u0131.<\/p>\n","protected":false},"author":1,"featured_media":41479,"comment_status":"open","ping_status":"open","sticky":false,"template":"","format":"standard","meta":{"footnotes":""},"categories":[10],"tags":[115],"class_list":["post-41478","post","type-post","status-publish","format-standard","has-post-thumbnail","hentry","category-basketbol","tag-fenerbahce"],"_links":{"self":[{"href":"https:\/\/haberbesiktas.tr\/index.php?rest_route=\/wp\/v2\/posts\/41478","targetHints":{"allow":["GET"]}}],"collection":[{"href":"https:\/\/haberbesiktas.tr\/index.php?rest_route=\/wp\/v2\/posts"}],"about":[{"href":"https:\/\/haberbesiktas.tr\/index.php?rest_route=\/wp\/v2\/types\/post"}],"author":[{"embeddable":true,"href":"https:\/\/haberbesiktas.tr\/index.php?rest_route=\/wp\/v2\/users\/1"}],"replies":[{"embeddable":true,"href":"https:\/\/haberbesiktas.tr\/index.php?rest_route=%2Fwp%2Fv2%2Fcomments&post=41478"}],"version-history":[{"count":1,"href":"https:\/\/haberbesiktas.tr\/index.php?rest_route=\/wp\/v2\/posts\/41478\/revisions"}],"predecessor-version":[{"id":41480,"href":"https:\/\/haberbesiktas.tr\/index.php?rest_route=\/wp\/v2\/posts\/41478\/revisions\/41480"}],"wp:featuredmedia":[{"embeddable":true,"href":"https:\/\/haberbesiktas.tr\/index.php?rest_route=\/wp\/v2\/media\/41479"}],"wp:attachment":[{"href":"https:\/\/haberbesiktas.tr\/index.php?rest_route=%2Fwp%2Fv2%2Fmedia&parent=41478"}],"wp:term":[{"taxonomy":"category","embeddable":true,"href":"https:\/\/haberbesiktas.tr\/index.php?rest_route=%2Fwp%2Fv2%2Fcategories&post=41478"},{"taxonomy":"post_tag","embeddable":true,"href":"https:\/\/haberbesiktas.tr\/index.php?rest_route=%2Fwp%2Fv2%2Ftags&post=41478"}],"curies":[{"name":"wp","href":"https:\/\/api.w.org\/{rel}","templated":true}]}}