{"id":4154,"date":"2025-01-17T08:48:14","date_gmt":"2025-01-17T08:48:14","guid":{"rendered":"https:\/\/haberbesiktas.tr\/?p=4154"},"modified":"2025-01-17T08:48:14","modified_gmt":"2025-01-17T08:48:14","slug":"iphone-8in-fiyati-belli-oldu","status":"publish","type":"post","link":"https:\/\/haberbesiktas.tr\/?p=4154","title":{"rendered":"iPhone 8&#8217;in Fiyat\u0131 Belli Oldu!"},"content":{"rendered":"<p><span>Apple<\/span>&#8216;\u0131n 10&#8217;uncu y\u0131l\u0131n\u0131 kutlayaca\u011f\u0131 iPhone serisinin yeni modeli<span>\u00a0iPhone 8<\/span>&#8216;in bin dolar\u0131n \u00fczerinde fiyat\u0131 ile \u015fimdiye karar \u00fcretilen en k\u0131ymetli iPhone modeli olaca\u011f\u0131 bir m\u00fcddettir dillendiriliyordu. Apple&#8217;\u0131n fiyat\u0131n\u0131 s\u0131r \u00fczere saklad\u0131\u011f\u0131 model ile ilgili yeni bir arg\u00fcman geldi.\u00a0UBS analisti Steven Milunovich&#8217;in \u015firkete yak\u0131n kaynaklara dayand\u0131rd\u0131\u011f\u0131 tezine nazaran, iPhone 8 ABD&#8217;de\u00a0<span>850 dolardan<\/span>\u00a0ba\u015flayan fiyatlar ile sat\u0131lacak.<br \/> Apple&#8217;\u0131n bu y\u0131l iPhone&#8217;un 10&#8217;uncu y\u0131l\u0131n\u0131 kutlayacak olmas\u0131 da beklentileri art\u0131r\u0131yor. Bu kapsamda gelen tezler da bir o kadar savl\u0131.\u00a0En dikkat \u00e7eken tez Apple&#8217;\u0131n y\u0131ld\u00f6n\u00fcm\u00fcne \u00f6zel iPhone serisindeki say\u0131lara son verecek olmas\u0131.\u00a0Ba\u015fka bir deyi\u015fle iPhone 7 ile bir zaman kapam\u0131yor. Yani iPhone 8 yerine iPhone Pro geliyor.<\/p>\n<p> <img decoding=\"async\" src=\"https:\/\/www.sosyalmania.com\/wp-content\/uploads\/2017\/04\/iphone2.jpg\"\/><\/p>\n<p> \u015eirkete yak\u0131n kaynaklara dayand\u0131r\u0131lan savlara nazaran, Apple,\u00a0<span>iPhone Pro<\/span>\u00a0ad\u0131n\u0131 almas\u0131 beklenen yeni telefonunu biraz daha inceltecek.\u00a0Teknoloji merakl\u0131lar\u0131n\u0131 heyecanland\u0131ran di\u011fer bir iddiya nazaran, bu model b\u00fcsb\u00fct\u00fcn dokunmatik ekrandan olu\u015facak. Ortaya at\u0131lan savlara nazaran, en \u00e7ok merakla beklenen telefon olan iPhone Pro&#8217;da\u00a0<span>\u00e7ok ince bir tasar\u0131m<\/span>,\u00a0<span>3 GB RAM, 16 MP kamera, s\u00fcratli \u015farj \u00fczere \u00f6zelliklerin olmas\u0131 bekleniyor<\/span>.<\/p>\n<p> <img decoding=\"async\" src=\"https:\/\/www.sosyalmania.com\/wp-content\/uploads\/2017\/04\/iphone1.jpg\"\/><\/p>\n<p> Apple her zamanki \u00fczere lansman tarihine kadar bahisle ilgili rastgele bir resmi a\u00e7\u0131klama yapmaya yana\u015fm\u0131yor.<\/p>\n<p>Kaynak:sosyalmania.com<\/p>\n","protected":false},"excerpt":{"rendered":"<p>Apple&#8217;\u0131n bu y\u0131l\u0131n Eyl\u00fcl ay\u0131nda tan\u0131tmaya haz\u0131rland\u0131\u011f\u0131 yeni iPhone modelinin fiyat\u0131na dair yeni tezler geldi.<\/p>\n","protected":false},"author":1,"featured_media":4155,"comment_status":"open","ping_status":"open","sticky":false,"template":"","format":"standard","meta":{"footnotes":""},"categories":[27],"tags":[566,565,564],"class_list":["post-4154","post","type-post","status-publish","format-standard","has-post-thumbnail","hentry","category-guncel-haberler","tag-apple","tag-iddia","tag-iphone"],"_links":{"self":[{"href":"https:\/\/haberbesiktas.tr\/index.php?rest_route=\/wp\/v2\/posts\/4154","targetHints":{"allow":["GET"]}}],"collection":[{"href":"https:\/\/haberbesiktas.tr\/index.php?rest_route=\/wp\/v2\/posts"}],"about":[{"href":"https:\/\/haberbesiktas.tr\/index.php?rest_route=\/wp\/v2\/types\/post"}],"author":[{"embeddable":true,"href":"https:\/\/haberbesiktas.tr\/index.php?rest_route=\/wp\/v2\/users\/1"}],"replies":[{"embeddable":true,"href":"https:\/\/haberbesiktas.tr\/index.php?rest_route=%2Fwp%2Fv2%2Fcomments&post=4154"}],"version-history":[{"count":1,"href":"https:\/\/haberbesiktas.tr\/index.php?rest_route=\/wp\/v2\/posts\/4154\/revisions"}],"predecessor-version":[{"id":4156,"href":"https:\/\/haberbesiktas.tr\/index.php?rest_route=\/wp\/v2\/posts\/4154\/revisions\/4156"}],"wp:featuredmedia":[{"embeddable":true,"href":"https:\/\/haberbesiktas.tr\/index.php?rest_route=\/wp\/v2\/media\/4155"}],"wp:attachment":[{"href":"https:\/\/haberbesiktas.tr\/index.php?rest_route=%2Fwp%2Fv2%2Fmedia&parent=4154"}],"wp:term":[{"taxonomy":"category","embeddable":true,"href":"https:\/\/haberbesiktas.tr\/index.php?rest_route=%2Fwp%2Fv2%2Fcategories&post=4154"},{"taxonomy":"post_tag","embeddable":true,"href":"https:\/\/haberbesiktas.tr\/index.php?rest_route=%2Fwp%2Fv2%2Ftags&post=4154"}],"curies":[{"name":"wp","href":"https:\/\/api.w.org\/{rel}","templated":true}]}}