{"id":41734,"date":"2025-06-25T21:12:08","date_gmt":"2025-06-25T21:12:08","guid":{"rendered":"https:\/\/haberbesiktas.tr\/?p=41734"},"modified":"2025-06-25T21:12:08","modified_gmt":"2025-06-25T21:12:08","slug":"mourinhodan-filip-kostic-karari","status":"publish","type":"post","link":"https:\/\/haberbesiktas.tr\/?p=41734","title":{"rendered":"Mourinho&#8217;dan Filip Kostic karar\u0131!"},"content":{"rendered":"<div>\n<p>Fenerbah\u00e7e Teknik Y\u00f6neticisi Jose Mourinho, S\u0131rp oyuncu Filip Kostic i\u00e7in karar\u0131n\u0131 verdi.<\/p>\n<p><strong>KOSTIC TEKRAR TAKIM DI\u015eI<\/strong><\/p>\n<p> Trabzonspor m\u00fcsabakas\u0131nda yabanc\u0131 hududuna tak\u0131l\u0131p tak\u0131m d\u0131\u015f\u0131 kalan 32 ya\u015f\u0131ndaki oyuncu Sivasspor deplasman\u0131nda da t\u0131pk\u0131 mukadderat\u0131 ya\u015fayacak.<\/p>\n<p> S\u0131rp oyuncu ile Diego Carlos, bu g\u00fc\u00e7l\u00fc deplasmana g\u00f6t\u00fcr\u00fclmeyecek. Tekrar sol bekte Mert M\u00fcld\u00fcr misyon yapacak.<\/p>\n<p><strong>PERFORMANSI<\/strong><\/p>\n<p>Sar\u0131 lacivertli formayla 29 ma\u00e7a \u00e7\u0131kan Kostic, 2 gol 4 asistlik performans sergiledi. <\/p>\n<div>\u00a0<\/div>\n<\/div>\n<p><\/p>\n","protected":false},"excerpt":{"rendered":"<p>Fenerbah\u00e7e Teknik Y\u00f6neticisi Jose Mourinho, Filip Kostic&#8217;i Sivasspor deplasman\u0131na g\u00f6t\u00fcrmeme karar\u0131 ald\u0131.<\/p>\n","protected":false},"author":1,"featured_media":41735,"comment_status":"open","ping_status":"open","sticky":false,"template":"","format":"standard","meta":{"footnotes":""},"categories":[25],"tags":[],"class_list":["post-41734","post","type-post","status-publish","format-standard","has-post-thumbnail","hentry","category-futbol"],"_links":{"self":[{"href":"https:\/\/haberbesiktas.tr\/index.php?rest_route=\/wp\/v2\/posts\/41734","targetHints":{"allow":["GET"]}}],"collection":[{"href":"https:\/\/haberbesiktas.tr\/index.php?rest_route=\/wp\/v2\/posts"}],"about":[{"href":"https:\/\/haberbesiktas.tr\/index.php?rest_route=\/wp\/v2\/types\/post"}],"author":[{"embeddable":true,"href":"https:\/\/haberbesiktas.tr\/index.php?rest_route=\/wp\/v2\/users\/1"}],"replies":[{"embeddable":true,"href":"https:\/\/haberbesiktas.tr\/index.php?rest_route=%2Fwp%2Fv2%2Fcomments&post=41734"}],"version-history":[{"count":1,"href":"https:\/\/haberbesiktas.tr\/index.php?rest_route=\/wp\/v2\/posts\/41734\/revisions"}],"predecessor-version":[{"id":41736,"href":"https:\/\/haberbesiktas.tr\/index.php?rest_route=\/wp\/v2\/posts\/41734\/revisions\/41736"}],"wp:featuredmedia":[{"embeddable":true,"href":"https:\/\/haberbesiktas.tr\/index.php?rest_route=\/wp\/v2\/media\/41735"}],"wp:attachment":[{"href":"https:\/\/haberbesiktas.tr\/index.php?rest_route=%2Fwp%2Fv2%2Fmedia&parent=41734"}],"wp:term":[{"taxonomy":"category","embeddable":true,"href":"https:\/\/haberbesiktas.tr\/index.php?rest_route=%2Fwp%2Fv2%2Fcategories&post=41734"},{"taxonomy":"post_tag","embeddable":true,"href":"https:\/\/haberbesiktas.tr\/index.php?rest_route=%2Fwp%2Fv2%2Ftags&post=41734"}],"curies":[{"name":"wp","href":"https:\/\/api.w.org\/{rel}","templated":true}]}}