{"id":41740,"date":"2025-06-25T21:36:10","date_gmt":"2025-06-25T21:36:10","guid":{"rendered":"https:\/\/haberbesiktas.tr\/?p=41740"},"modified":"2025-06-25T21:36:10","modified_gmt":"2025-06-25T21:36:10","slug":"tevfik-yamanturkten-hasan-arata-mezara-kadar-kovalayacagim","status":"publish","type":"post","link":"https:\/\/haberbesiktas.tr\/?p=41740","title":{"rendered":"Tevfik Yamant\u00fcrk&#8217;ten Hasan Arat&#8217;a: &#8220;Mezara kadar kovalayaca\u011f\u0131m&#8221;"},"content":{"rendered":"<div>\n<p>Be\u015fikta\u015f Kul\u00fcb\u00fc Divan Heyeti Lideri Tevfik Yamant\u00fcrk, divan kurulu toplant\u0131s\u0131na kat\u0131lan siyah-beyazl\u0131 kul\u00fcb\u00fcn eski ba\u015fkan\u0131 Hasan Arat&#8217;a tepki g\u00f6stererek idaresi s\u0131ras\u0131nda ya\u015fananlar\u0131n takip\u00e7isi olaca\u011f\u0131n\u0131 s\u00f6yledi.\u00a0<\/p>\n<p> <strong>&#8220;MEZARA KADAR KOVALAYACA\u011eIM&#8221;<\/strong><\/p>\n<p> Siyah-beyazl\u0131 kul\u00fcb\u00fcn ICEC \u0130stanbul L\u00fctfi K\u0131rdar Kongre ve Stant Saray\u0131-Anadolu Oditoryumu&#8217;nda ger\u00e7ekle\u015ftirilen 2025 y\u0131l\u0131 1. ola\u011fan divan kurulu toplant\u0131s\u0131nda konu\u015fan Yamant\u00fcrk, Hasan Arat ile ya\u015fad\u0131\u011f\u0131 tart\u0131\u015fmaya de\u011finerek, <strong>&#8220;\u00c7ok tats\u0131z bir ba\u015flang\u0131\u00e7 oldu. Be\u015fikta\u015f&#8217;a yak\u0131\u015fmayaca\u011f\u0131 i\u00e7in bu \u015feyin \u00fczerine \u00e7ok gitmiyorum. Be\u015fikta\u015f&#8217;\u0131n k\u00fclt\u00fcr\u00fcnde d\u00fc\u015fene vurmamak var lakin al\u0131p da gideni, ka\u00e7\u0131p da gideni sonuna kadar, mezara kadar kovalamak da var. \u0130ster yan\u0131na Polonya Cumhurba\u015fkan\u0131&#8217;n\u0131 als\u0131n, ister Katar Emiri&#8217;ni als\u0131n, kimi al\u0131rsa als\u0131n ahd\u0131m olsun mezara kadar kovalayaca\u011f\u0131m.&#8221;<\/strong> dedi.\u00a0<\/p>\n<p> <strong>&#8220;MAALESEF OLAY BURAYA GELD\u0130&#8221;<\/strong><\/p>\n<p> Ya\u015fanan olay\u0131n Be\u015fikta\u015f Kul\u00fcb\u00fcn\u00fcn k\u00fclt\u00fcr\u00fcne yak\u0131\u015fmad\u0131\u011f\u0131n\u0131n alt\u0131n\u0131 \u00e7izen Yamant\u00fcrk,<strong> &#8220;\u00d6n s\u0131ralara selam verirken elimi uzatt\u0131m. Selam verirken y\u00fcz y\u00fcze kald\u0131k, uygar be\u015ferler \u00fczere elini s\u0131kt\u0131m fakat maalesef olay buraya geldi.&#8221;<\/strong> diye konu\u015ftu.<\/p>\n<p> <strong>&#8220;BU \u0130\u015e\u0130N \u0130\u00c7\u0130NDEN \u00c7IKILACA\u011eINA \u0130NANIYORUM&#8221;<\/strong><\/p>\n<p> Be\u015fikta\u015f Kul\u00fcb\u00fcn\u00fcn sermaye art\u0131r\u0131m\u0131 m\u00fcracaat\u0131n\u0131n onaylanmas\u0131na da de\u011finen Yamant\u00fcrk, <strong>&#8220;Ba\u015fkan\u0131m\u0131z\u0131 sermaye art\u0131r\u0131m\u0131ndan \u00f6t\u00fcr\u00fc, bankalara borcu kapatmas\u0131ndan \u00f6t\u00fcr\u00fc tebrik ediyorum. Umar\u0131m Be\u015fikta\u015f bu i\u00e7inde bulundu\u011fu sonsuza d\u00fc\u015fme girdab\u0131ndan kurtulur. Bu i\u015f o kadar s\u0131k\u0131nt\u0131 de\u011fil. Para kul\u00fcb\u00fcn i\u00e7inde. Bir \u015firketi y\u00f6netir \u00fczere aya\u011f\u0131m\u0131z\u0131 yorgan\u0131m\u0131za nazaran uzat\u0131rsak bu i\u015fin i\u00e7inden \u00e7\u0131k\u0131laca\u011f\u0131na inan\u0131yorum.&#8221;<\/strong> tabirlerini kulland\u0131.<\/p>\n<p> <strong>&#8220;BE\u015e\u0130KTA\u015e&#8217;I TEK ADAM \u0130DARELER\u0130NDEN KURTARMALIYIZ&#8221;<\/strong><\/p>\n<p> \u0130dareden beklentilerini de lisana getiren Tevfik Yamant\u00fcrk, <strong>&#8220;T\u00fcz\u00fck tadili yap\u0131p kuvvetler ayr\u0131l\u0131\u011f\u0131n\u0131 uygulamam\u0131z laz\u0131m. Uygularsak Be\u015fikta\u015f bundan sonraki yanl\u0131\u015flardan kurtulur. 2,5 y\u0131l \u00e7al\u0131\u015ft\u0131k, \u00e7ok uygun bir t\u00fcz\u00fck oldu\u011funu d\u00fc\u015f\u00fcn\u00fcyorum. T\u00fcz\u00fck bir anda kad\u00fck edildi. Neden bu t\u00fcrl\u00fc oldu? Kad\u00fck edildikten sonra b\u0131rak\u0131p gidildi. Terbiyemden \u00f6t\u00fcr\u00fc ka\u00e7\u0131ld\u0131 demiyorum. Be\u015fikta\u015f&#8217;\u0131 tek adam idarelerinden kurtarmam\u0131z gerek. Tek adamlar mak\u00fbs niyetli olursa eyvah ki eyvah.&#8221;<\/strong> de\u011ferlendirmesinde bulundu.<\/p>\n<p> <strong>&#8220;\u0130Y\u0130 \u0130\u015eLER YAPTIMIZI ANLIYORUM&#8221;<\/strong><\/p>\n<p> Divan kurulu ba\u015fkanl\u0131\u011f\u0131na aday olan isimlerle g\u00f6r\u00fc\u015ft\u00fc\u011f\u00fcn\u00fc aktaran Yamant\u00fcrk,<strong> &#8220;\u00dc\u00e7 \u015fah\u0131sla g\u00f6r\u00fc\u015ft\u00fcm. Kendileriyle tan\u0131\u015ft\u0131m. Bu beni \u00e7ok memnun etti. S\u00fcreci nas\u0131l y\u00f6netece\u011fimizi konu\u015faca\u011f\u0131z. Merdivenden inerken uzanan elleri g\u00f6r\u00fcnce d\u00fczg\u00fcn i\u015fler yapt\u0131\u011f\u0131m\u0131z\u0131 anl\u0131yorum. Gitmeyi bilmek, iktidar olmaktan daha g\u00fczeldir. Gitmeyi de bildik, biliyoruz. Bir anda ka\u00e7m\u0131yoruz. \u015e\u00fck\u00fcrler olsun Be\u015fikta\u015f&#8217;a yak\u0131\u015fan bir formda s\u00fcreci tamamlayaca\u011f\u0131z.&#8221;<\/strong> diyerek konu\u015fmas\u0131n\u0131 tamamlad\u0131.<\/p>\n<p> \u00a0<\/p>\n<\/div>\n<p><\/p>\n","protected":false},"excerpt":{"rendered":"<p>Be\u015fika\u015f Divan Kurulu Lideri Tevfik Yamant\u00fcrk, divan kurulu toplant\u0131s\u0131na kat\u0131lan siyah-beyazl\u0131 kul\u00fcb\u00fcn eski ba\u015fkan\u0131 Hasan Arat&#8217;a tepki g\u00f6sterdi.<\/p>\n","protected":false},"author":1,"featured_media":41741,"comment_status":"open","ping_status":"open","sticky":false,"template":"","format":"standard","meta":{"footnotes":""},"categories":[25],"tags":[71,738,3154],"class_list":["post-41740","post","type-post","status-publish","format-standard","has-post-thumbnail","hentry","category-futbol","tag-besiktas","tag-is","tag-yamanturk"],"_links":{"self":[{"href":"https:\/\/haberbesiktas.tr\/index.php?rest_route=\/wp\/v2\/posts\/41740","targetHints":{"allow":["GET"]}}],"collection":[{"href":"https:\/\/haberbesiktas.tr\/index.php?rest_route=\/wp\/v2\/posts"}],"about":[{"href":"https:\/\/haberbesiktas.tr\/index.php?rest_route=\/wp\/v2\/types\/post"}],"author":[{"embeddable":true,"href":"https:\/\/haberbesiktas.tr\/index.php?rest_route=\/wp\/v2\/users\/1"}],"replies":[{"embeddable":true,"href":"https:\/\/haberbesiktas.tr\/index.php?rest_route=%2Fwp%2Fv2%2Fcomments&post=41740"}],"version-history":[{"count":1,"href":"https:\/\/haberbesiktas.tr\/index.php?rest_route=\/wp\/v2\/posts\/41740\/revisions"}],"predecessor-version":[{"id":41742,"href":"https:\/\/haberbesiktas.tr\/index.php?rest_route=\/wp\/v2\/posts\/41740\/revisions\/41742"}],"wp:featuredmedia":[{"embeddable":true,"href":"https:\/\/haberbesiktas.tr\/index.php?rest_route=\/wp\/v2\/media\/41741"}],"wp:attachment":[{"href":"https:\/\/haberbesiktas.tr\/index.php?rest_route=%2Fwp%2Fv2%2Fmedia&parent=41740"}],"wp:term":[{"taxonomy":"category","embeddable":true,"href":"https:\/\/haberbesiktas.tr\/index.php?rest_route=%2Fwp%2Fv2%2Fcategories&post=41740"},{"taxonomy":"post_tag","embeddable":true,"href":"https:\/\/haberbesiktas.tr\/index.php?rest_route=%2Fwp%2Fv2%2Ftags&post=41740"}],"curies":[{"name":"wp","href":"https:\/\/api.w.org\/{rel}","templated":true}]}}