{"id":41743,"date":"2025-06-25T21:48:09","date_gmt":"2025-06-25T21:48:09","guid":{"rendered":"https:\/\/haberbesiktas.tr\/?p=41743"},"modified":"2025-06-25T21:48:09","modified_gmt":"2025-06-25T21:48:09","slug":"serdal-adali-uefadan-ceza-geldi","status":"publish","type":"post","link":"https:\/\/haberbesiktas.tr\/?p=41743","title":{"rendered":"Serdal Adal\u0131: &#8220;UEFA&#8217;dan ceza geldi&#8221;"},"content":{"rendered":"<div>\n<p>Be\u015fikta\u015f Lideri Serdal Adal\u0131, divan kurulu toplant\u0131s\u0131nda UEFA taraf\u0131ndan cezayla kar\u015f\u0131 kar\u015f\u0131ya kald\u0131klar\u0131n\u0131 s\u00f6yledi.<\/p>\n<p> \u0130\u015eTE ADALI&#8217;NIN A\u00c7IKLAMASI;<\/p>\n<p> <strong>IMMOBILE A\u00c7IKLAMASI<\/strong><\/p>\n<p> &#8220;Immobile&#8217;nin y\u0131ll\u0131k net maa\u015f\u0131 6 milyon Euro. Y\u00fczde 40 vergisi var 2.5 milyon Euro, etti 8.5 milyon Euro. 2 milyon Euro da imza paras\u0131 var, etti 10.5 milyon Euro&#8221;\u00a0<\/p>\n<p> <strong>&#8220;YILLIK 17 M\u0130LYON EURO Y\u00dcK B\u0130NM\u0130\u015e&#8221;<\/strong><\/p>\n<p> &#8220;Bir taraftan da 4.6 milyon Euro Aboubakar&#8217;\u0131n maa\u015f\u0131n\u0131 \u00f6deyip Hatay&#8217;a yolluyoruz, yerine 10 milyon Euro&#8217;ya alabilmek i\u00e7in&#8230; Tek santrfor b\u00f6lgesi i\u00e7in b\u00fct\u00e7eye y\u0131ll\u0131k 17 milyon Euro y\u00fck binmi\u015f.&#8221;<\/p>\n<p> <strong>&#8220;CEZAYLA KAR\u015eI KAR\u015eIYAYIZ&#8221;<\/strong><\/p>\n<p> &#8220;UEFA Finansal Denetim \u00dcnitesi&#8217;nden ge\u00e7en g\u00fcn yaz\u0131 geldi. Aral\u0131k 2023 &#8211; Kas\u0131m 2024 ortas\u0131nda tak\u0131m maliyetinin belirlenen oranlar\u0131n \u00fczerinde kalmas\u0131 nedeniyle 1.5 milyon Euro&#8217;ya kadar olan cezayla kar\u015f\u0131 kar\u015f\u0131yay\u0131z. Haydi bakal\u0131m!&#8221;<\/p>\n<p> \u00a0<\/p>\n<\/div>\n<p><\/p>\n","protected":false},"excerpt":{"rendered":"<p>Be\u015fikta\u015f Lideri Serdal Adal\u0131, divan kurulu toplant\u0131s\u0131nda UEFA taraf\u0131ndan cezayla kar\u015f\u0131 kar\u015f\u0131ya kald\u0131klar\u0131n\u0131 a\u00e7\u0131klad\u0131.<\/p>\n","protected":false},"author":1,"featured_media":41744,"comment_status":"open","ping_status":"open","sticky":false,"template":"","format":"standard","meta":{"footnotes":""},"categories":[25],"tags":[131],"class_list":["post-41743","post","type-post","status-publish","format-standard","has-post-thumbnail","hentry","category-futbol","tag-milyon-euro"],"_links":{"self":[{"href":"https:\/\/haberbesiktas.tr\/index.php?rest_route=\/wp\/v2\/posts\/41743","targetHints":{"allow":["GET"]}}],"collection":[{"href":"https:\/\/haberbesiktas.tr\/index.php?rest_route=\/wp\/v2\/posts"}],"about":[{"href":"https:\/\/haberbesiktas.tr\/index.php?rest_route=\/wp\/v2\/types\/post"}],"author":[{"embeddable":true,"href":"https:\/\/haberbesiktas.tr\/index.php?rest_route=\/wp\/v2\/users\/1"}],"replies":[{"embeddable":true,"href":"https:\/\/haberbesiktas.tr\/index.php?rest_route=%2Fwp%2Fv2%2Fcomments&post=41743"}],"version-history":[{"count":1,"href":"https:\/\/haberbesiktas.tr\/index.php?rest_route=\/wp\/v2\/posts\/41743\/revisions"}],"predecessor-version":[{"id":41745,"href":"https:\/\/haberbesiktas.tr\/index.php?rest_route=\/wp\/v2\/posts\/41743\/revisions\/41745"}],"wp:featuredmedia":[{"embeddable":true,"href":"https:\/\/haberbesiktas.tr\/index.php?rest_route=\/wp\/v2\/media\/41744"}],"wp:attachment":[{"href":"https:\/\/haberbesiktas.tr\/index.php?rest_route=%2Fwp%2Fv2%2Fmedia&parent=41743"}],"wp:term":[{"taxonomy":"category","embeddable":true,"href":"https:\/\/haberbesiktas.tr\/index.php?rest_route=%2Fwp%2Fv2%2Fcategories&post=41743"},{"taxonomy":"post_tag","embeddable":true,"href":"https:\/\/haberbesiktas.tr\/index.php?rest_route=%2Fwp%2Fv2%2Ftags&post=41743"}],"curies":[{"name":"wp","href":"https:\/\/api.w.org\/{rel}","templated":true}]}}