{"id":41746,"date":"2025-06-25T22:00:09","date_gmt":"2025-06-25T22:00:09","guid":{"rendered":"https:\/\/haberbesiktas.tr\/?p=41746"},"modified":"2025-06-25T22:00:09","modified_gmt":"2025-06-25T22:00:09","slug":"fatih-tekkeden-oyuncularina-karadeniz-derbisi-uyarisi","status":"publish","type":"post","link":"https:\/\/haberbesiktas.tr\/?p=41746","title":{"rendered":"Fatih Tekke&#8217;den oyuncular\u0131na Karadeniz derbisi uyar\u0131s\u0131!"},"content":{"rendered":"<div>Trendyol \u00dcst\u00fcn Lig&#8217;in 31. haftas\u0131nda Rizespor ile kar\u015f\u0131la\u015facak olan Trabzonspor&#8217;da teknik y\u00f6netici Fatih Tekke, ma\u00e7 \u00f6ncesi yap\u0131lan taktik egzersizde oyuncular\u0131na ikazlarda bulundu.<\/p>\n<p>Oyuncular\u0131na, Fenerbah\u00e7e ma\u00e7\u0131n\u0131 geride b\u0131rakmalar\u0131n\u0131 s\u00f6yleyen Tekke, <strong>&#8220;\u0130ki kadro i\u00e7in de epeyce s\u0131k\u0131nt\u0131 bir ma\u00e7 olacak. Rizespor&#8217;un da k\u00fcme d\u00fc\u015fme potas\u0131ndan kurtulmak \u00fczere bir maksad\u0131 var, ama\u00e7s\u0131z bir ekip de\u011filler. <\/p>\n<p>Fenerbah\u00e7e ma\u00e7\u0131n\u0131 farkl\u0131 kaybettik fakat o ma\u00e7\u0131n olumlu taraflar\u0131n\u0131 almaya \u00e7al\u0131\u015f\u0131n. B\u00fcsb\u00fct\u00fcn yanl\u0131\u015f oynamad\u0131k, alanda sergiledi\u011fimiz uygun \u015feyler vard\u0131. Rizespor&#8217;a kar\u015f\u0131 da t\u0131pk\u0131 yeterli \u015feyleri devam ettirirsek galip geliriz.&#8221;<\/strong> dedi.<\/div>\n<p><\/p>\n","protected":false},"excerpt":{"rendered":"<p>Harika Lig&#8217;in 31. haftas\u0131nda Rizespor ile kar\u015f\u0131la\u015facak olan Trabzonspor&#8217;da Fatih Tekke, ma\u00e7 \u00f6ncesi taktik egzersizde oyuncular\u0131yla konu\u015ftu.<\/p>\n","protected":false},"author":1,"featured_media":41747,"comment_status":"open","ping_status":"open","sticky":false,"template":"","format":"standard","meta":{"footnotes":""},"categories":[25],"tags":[50],"class_list":["post-41746","post","type-post","status-publish","format-standard","has-post-thumbnail","hentry","category-futbol","tag-mac"],"_links":{"self":[{"href":"https:\/\/haberbesiktas.tr\/index.php?rest_route=\/wp\/v2\/posts\/41746","targetHints":{"allow":["GET"]}}],"collection":[{"href":"https:\/\/haberbesiktas.tr\/index.php?rest_route=\/wp\/v2\/posts"}],"about":[{"href":"https:\/\/haberbesiktas.tr\/index.php?rest_route=\/wp\/v2\/types\/post"}],"author":[{"embeddable":true,"href":"https:\/\/haberbesiktas.tr\/index.php?rest_route=\/wp\/v2\/users\/1"}],"replies":[{"embeddable":true,"href":"https:\/\/haberbesiktas.tr\/index.php?rest_route=%2Fwp%2Fv2%2Fcomments&post=41746"}],"version-history":[{"count":1,"href":"https:\/\/haberbesiktas.tr\/index.php?rest_route=\/wp\/v2\/posts\/41746\/revisions"}],"predecessor-version":[{"id":41748,"href":"https:\/\/haberbesiktas.tr\/index.php?rest_route=\/wp\/v2\/posts\/41746\/revisions\/41748"}],"wp:featuredmedia":[{"embeddable":true,"href":"https:\/\/haberbesiktas.tr\/index.php?rest_route=\/wp\/v2\/media\/41747"}],"wp:attachment":[{"href":"https:\/\/haberbesiktas.tr\/index.php?rest_route=%2Fwp%2Fv2%2Fmedia&parent=41746"}],"wp:term":[{"taxonomy":"category","embeddable":true,"href":"https:\/\/haberbesiktas.tr\/index.php?rest_route=%2Fwp%2Fv2%2Fcategories&post=41746"},{"taxonomy":"post_tag","embeddable":true,"href":"https:\/\/haberbesiktas.tr\/index.php?rest_route=%2Fwp%2Fv2%2Ftags&post=41746"}],"curies":[{"name":"wp","href":"https:\/\/api.w.org\/{rel}","templated":true}]}}