{"id":41770,"date":"2025-06-25T23:36:08","date_gmt":"2025-06-25T23:36:08","guid":{"rendered":"https:\/\/haberbesiktas.tr\/?p=41770"},"modified":"2025-06-25T23:36:08","modified_gmt":"2025-06-25T23:36:08","slug":"fenerbahcede-6-futbolcu-sivasspor-maci-oncesi-kart-sinirinda","status":"publish","type":"post","link":"https:\/\/haberbesiktas.tr\/?p=41770","title":{"rendered":"Fenerbah\u00e7e&#8217;de 6 futbolcu Sivasspor ma\u00e7\u0131 \u00f6ncesi kart s\u0131n\u0131r\u0131nda!"},"content":{"rendered":"<div>\n<p>Fenerbah\u00e7e, Trendyol \u00dcst\u00fcn Lig&#8217;in 31. haftas\u0131nda 13 Nisan Pazar g\u00fcn\u00fc Net K\u00fcresel Sivasspor ile deplasmanda kar\u015f\u0131la\u015facak.\u00a0<\/p>\n<p> BG K\u00fcme 4 Eyl\u00fcl Stad\u0131&#8217;nda oynanacak ma\u00e7, saat 19.00&#8217;da ba\u015flayacak. Kar\u015f\u0131la\u015fmay\u0131 Yasin Kol y\u00f6netecek. Ceyhun Sesig\u00fczel ve Bahtiyar Birinci, m\u00fcsabakada yard\u0131mc\u0131 hakem olarak g\u00f6rev yapacak.<\/p>\n<p> Ligde \u00e7\u0131kt\u0131\u011f\u0131 28 gayrette 21 galibiyet, 5 beraberlik ve 2 hezimet ya\u015fayan Fenerbah\u00e7e, 68 puanla ikinci s\u0131rada bulunuyor.<\/p>\n<p> Ligin birinci yar\u0131s\u0131nda Be\u015fikta\u015f deplasman\u0131nda 1-0 ma\u011flup olan sar\u0131-lacivertli grup, o tarihten sonra \u00e7\u0131kt\u0131\u011f\u0131 14 lig ma\u00e7\u0131nda hezimet ya\u015famad\u0131. Jose Mourinho&#8217;nun tak\u0131m\u0131, 11 galibiyet al\u0131rken 3 ma\u00e7tan da beraberlikle ayr\u0131ld\u0131.<\/p>\n<p> <span><strong>&#8211; Fenerbah\u00e7e&#8217;de eksik yok<\/strong><\/span><\/p>\n<p> Sar\u0131-lacivertli grupta, Sivasspor u\u011fra\u015f\u0131 \u00f6ncesinde eksik oyuncu bulunmuyor.<\/p>\n<p> Gribal enfeksiyon sebebiyle Trabzonspor ma\u00e7\u0131n\u0131n tak\u0131m\u0131nda yer almayan \u0130rfan Can E\u011fribayat da ekibe dahil oldu.<\/p>\n<p> <span><strong>&#8211; 6 oyuncu sar\u0131 kart ceza s\u0131n\u0131r\u0131nda<\/strong><\/span><\/p>\n<p> Fenerbah\u00e7e&#8217;de Sivasspor ma\u00e7\u0131 \u00f6ncesinde 6 isim kart ceza hududunda.<\/p>\n<p> Sar\u0131-lacivertli ekipte 3&#8217;er sar\u0131 kart\u0131 bulunan Sofyan Amrabat, Filip Kostic, Allan Saint-Maximin, \u00c7a\u011flar S\u00f6y\u00fcnc\u00fc, Mert Hakan Yanda\u015f ve \u0130rfan Can Kahveci, yar\u0131n oynanacak kar\u015f\u0131la\u015fmada kart g\u00f6rmeleri halinde i\u00e7 alandaki Bellona Kayserispor \u00e7abas\u0131nda forma giyemeyecek.<\/p>\n<p> <span><strong>&#8211; Fenerbah\u00e7e seyircisi kadrosunu yaln\u0131z b\u0131rakacak<\/strong><\/span><\/p>\n<p> Sivas deplasman\u0131nda Fenerbah\u00e7e taraftar\u0131, cezas\u0131 sebebiyle trib\u00fcndeki yerini alamayacak.<\/p>\n<p> Sar\u0131-lacivertliler, bir evvelki deplasman ma\u00e7\u0131 olan Sipay Bodrum FK gayretinde de ceza nedeniyle ekiplerini yaln\u0131z b\u0131rakm\u0131\u015ft\u0131.<\/p>\n<\/div>\n<p><\/p>\n","protected":false},"excerpt":{"rendered":"<p>Fenerbah\u00e7e, S\u00fcper Lig&#8217;de 13 Nisan Pazar g\u00fcn\u00fc Sivasspor&#8217;a konuk olacak.<\/p>\n","protected":false},"author":1,"featured_media":41771,"comment_status":"open","ping_status":"open","sticky":false,"template":"","format":"standard","meta":{"footnotes":""},"categories":[25],"tags":[115,605],"class_list":["post-41770","post","type-post","status-publish","format-standard","has-post-thumbnail","hentry","category-futbol","tag-fenerbahce","tag-sari"],"_links":{"self":[{"href":"https:\/\/haberbesiktas.tr\/index.php?rest_route=\/wp\/v2\/posts\/41770","targetHints":{"allow":["GET"]}}],"collection":[{"href":"https:\/\/haberbesiktas.tr\/index.php?rest_route=\/wp\/v2\/posts"}],"about":[{"href":"https:\/\/haberbesiktas.tr\/index.php?rest_route=\/wp\/v2\/types\/post"}],"author":[{"embeddable":true,"href":"https:\/\/haberbesiktas.tr\/index.php?rest_route=\/wp\/v2\/users\/1"}],"replies":[{"embeddable":true,"href":"https:\/\/haberbesiktas.tr\/index.php?rest_route=%2Fwp%2Fv2%2Fcomments&post=41770"}],"version-history":[{"count":1,"href":"https:\/\/haberbesiktas.tr\/index.php?rest_route=\/wp\/v2\/posts\/41770\/revisions"}],"predecessor-version":[{"id":41772,"href":"https:\/\/haberbesiktas.tr\/index.php?rest_route=\/wp\/v2\/posts\/41770\/revisions\/41772"}],"wp:featuredmedia":[{"embeddable":true,"href":"https:\/\/haberbesiktas.tr\/index.php?rest_route=\/wp\/v2\/media\/41771"}],"wp:attachment":[{"href":"https:\/\/haberbesiktas.tr\/index.php?rest_route=%2Fwp%2Fv2%2Fmedia&parent=41770"}],"wp:term":[{"taxonomy":"category","embeddable":true,"href":"https:\/\/haberbesiktas.tr\/index.php?rest_route=%2Fwp%2Fv2%2Fcategories&post=41770"},{"taxonomy":"post_tag","embeddable":true,"href":"https:\/\/haberbesiktas.tr\/index.php?rest_route=%2Fwp%2Fv2%2Ftags&post=41770"}],"curies":[{"name":"wp","href":"https:\/\/api.w.org\/{rel}","templated":true}]}}