{"id":41825,"date":"2025-06-26T03:12:07","date_gmt":"2025-06-26T03:12:07","guid":{"rendered":"https:\/\/haberbesiktas.tr\/?p=41825"},"modified":"2025-06-26T03:12:07","modified_gmt":"2025-06-26T03:12:07","slug":"tevfik-yamanturk-ben-ne-yaptim","status":"publish","type":"post","link":"https:\/\/haberbesiktas.tr\/?p=41825","title":{"rendered":"Tevfik Yamant\u00fcrk: &#8220;Ben ne yapt\u0131m?&#8221;"},"content":{"rendered":"<div>Be\u015fikta\u015f&#8217;\u0131n eski liderlerinden Hasan Arat, ola\u011fan divan kurulu toplant\u0131s\u0131nda konu\u015fma yaparken, k\u00fcrs\u00fcde yumruklu ata\u011fa u\u011frad\u0131.<\/p>\n<p> Be\u015fikta\u015f&#8217;\u0131n 2025 y\u0131l\u0131 1&#8217;inci Ola\u011fan Divan Kurulu Toplant\u0131s\u0131, \u0130stanbul L\u00fctfi K\u0131rdar Kongre ve Stant Saray\u0131&#8217;nda ger\u00e7ekle\u015ftiriliyor. Eski liderlerden Hasan Arat&#8217;\u0131n konu\u015fmas\u0131n\u0131 ger\u00e7ekle\u015ftirdi\u011fi s\u0131rada salonda sesler y\u00fckseldi.<\/p>\n<p> Seslerin y\u00fckselmesinin akabinde Arat konu\u015fmas\u0131na devam ederken, gerginlik daha da y\u00fckseldi. Arat, Be\u015fikta\u015f Divan Kurulu Lideri Tevfik Yamant\u00fcrk&#8217;\u00fcn ortaya girmesiyle bu sefer Yamant\u00fcrk ile gerginlik ya\u015fad\u0131.<\/p>\n<p> Yamant\u00fcrk&#8217;\u00fcn Arat&#8217;a yumruk att\u0131\u011f\u0131 g\u00f6r\u00fcl\u00fcrken daha sonra salondan birisi gelerek Hasan Arat&#8217;a yumruk att\u0131. Ortal\u0131\u011f\u0131n kar\u0131\u015fmas\u0131n\u0131n ard\u0131ndan ola\u011fan divan kurulu toplant\u0131s\u0131 tatil edildi.<\/p>\n<p> <strong>&#8220;BEN NE YAPTIM?&#8221;<\/strong><\/p>\n<p> Tevfik Yamant\u00fcrk, ya\u015fanan olay\u0131n akabinde salondan ayr\u0131ld\u0131. Yamant\u00fcrk,<strong> &#8220;Pi\u015fman m\u0131s\u0131n\u0131z?&#8221;<\/strong> halinde gelen sorunun akabinde, <strong>&#8220;Ben ne yapt\u0131m?&#8221;<\/strong> kar\u015f\u0131l\u0131\u011f\u0131n\u0131 verdi.<\/p>\n<\/div>\n<p><\/p>\n","protected":false},"excerpt":{"rendered":"<p>Be\u015fikta\u015f Divan Kurulu Lideri Tevfik Yamant\u00fcrk, Hasan Arat ile ya\u015fad\u0131\u011f\u0131 olay\u0131n akabinde salondan ayr\u0131ld\u0131. Yamant\u00fcrk, salon \u00e7\u0131k\u0131\u015f\u0131nda gelen, &#8220;Pi\u015fman m\u0131s\u0131n\u0131z?&#8221; sorusuna, &#8220;Ben ne yapt\u0131m?&#8221; cevab\u0131n\u0131 verdi.<\/p>\n","protected":false},"author":1,"featured_media":41826,"comment_status":"open","ping_status":"open","sticky":false,"template":"","format":"standard","meta":{"footnotes":""},"categories":[25],"tags":[873,3154],"class_list":["post-41825","post","type-post","status-publish","format-standard","has-post-thumbnail","hentry","category-futbol","tag-arat","tag-yamanturk"],"_links":{"self":[{"href":"https:\/\/haberbesiktas.tr\/index.php?rest_route=\/wp\/v2\/posts\/41825","targetHints":{"allow":["GET"]}}],"collection":[{"href":"https:\/\/haberbesiktas.tr\/index.php?rest_route=\/wp\/v2\/posts"}],"about":[{"href":"https:\/\/haberbesiktas.tr\/index.php?rest_route=\/wp\/v2\/types\/post"}],"author":[{"embeddable":true,"href":"https:\/\/haberbesiktas.tr\/index.php?rest_route=\/wp\/v2\/users\/1"}],"replies":[{"embeddable":true,"href":"https:\/\/haberbesiktas.tr\/index.php?rest_route=%2Fwp%2Fv2%2Fcomments&post=41825"}],"version-history":[{"count":1,"href":"https:\/\/haberbesiktas.tr\/index.php?rest_route=\/wp\/v2\/posts\/41825\/revisions"}],"predecessor-version":[{"id":41827,"href":"https:\/\/haberbesiktas.tr\/index.php?rest_route=\/wp\/v2\/posts\/41825\/revisions\/41827"}],"wp:featuredmedia":[{"embeddable":true,"href":"https:\/\/haberbesiktas.tr\/index.php?rest_route=\/wp\/v2\/media\/41826"}],"wp:attachment":[{"href":"https:\/\/haberbesiktas.tr\/index.php?rest_route=%2Fwp%2Fv2%2Fmedia&parent=41825"}],"wp:term":[{"taxonomy":"category","embeddable":true,"href":"https:\/\/haberbesiktas.tr\/index.php?rest_route=%2Fwp%2Fv2%2Fcategories&post=41825"},{"taxonomy":"post_tag","embeddable":true,"href":"https:\/\/haberbesiktas.tr\/index.php?rest_route=%2Fwp%2Fv2%2Ftags&post=41825"}],"curies":[{"name":"wp","href":"https:\/\/api.w.org\/{rel}","templated":true}]}}