{"id":4183,"date":"2025-01-17T11:47:59","date_gmt":"2025-01-17T11:47:59","guid":{"rendered":"https:\/\/haberbesiktas.tr\/?p=4183"},"modified":"2025-01-17T11:47:59","modified_gmt":"2025-01-17T11:47:59","slug":"son-dakika-prof-dr-ahmet-ercan-bolge-7-ve-71-buyuklugundeki-depreme-hazirlaniyor","status":"publish","type":"post","link":"https:\/\/haberbesiktas.tr\/?p=4183","title":{"rendered":"Son dakika\u2026 Prof. Dr. Ahmet Ercan: B\u00f6lge 7 ve 7,1 b\u00fcy\u00fckl\u00fc\u011f\u00fcndeki depreme haz\u0131rlan\u0131yor!"},"content":{"rendered":"<p>Bing\u00f6l&#8217;\u00fcn Karl\u0131ova il\u00e7esinde saat 17.24&#8217;de meydana gelen 5,7 b\u00fcy\u00fckl\u00fc\u011f\u00fcndeki zelzele ile ilgili konu\u015fan sars\u0131nt\u0131 bilimci Y\u00fcksek Jeofizik M\u00fchendisi Prof. Dr. \u00d6vg\u00fcn Ahmet Ercan S\u00d6ZC\u00dc&#8217;ye \u00f6zel a\u00e7\u0131klama yapt\u0131.<br \/> Ercan, &#8220;Karl\u0131ova&#8217;daki zelzele seyri T\u00fcrkiye&#8217;nin sars\u0131nt\u0131 seyrinden de\u011fi\u015fiktir. \u015eu anki durum Karl\u0131ova&#8217;n\u0131n daha b\u00fcy\u00fck bir sars\u0131nt\u0131 \u00fcretmek i\u00e7in haz\u0131rlanmaya ba\u015flad\u0131\u011f\u0131n\u0131 g\u00f6steriyor. Bu \u015fu g\u00fcn olabilir demek yanl\u0131\u015f fakat gelecekte 7 yahut 7,1 sars\u0131nt\u0131ya haz\u0131rl\u0131kl\u0131 olmal\u0131y\u0131z&#8221; dedi.<\/p>\n<p> <strong>B\u0130NG\u00d6L UYARISI YAPMI\u015eTI<\/strong><\/p>\n<p> Prof. Dr. Ercan, \u015funlar\u0131 s\u00f6yledi:<\/p>\n<p> * Karl\u0131ova&#8217;n\u0131n en k\u0131ymetli pozisyonu Kuzey Anadolu K\u0131r\u0131\u011f\u0131 ile Do\u011fu Anadolu K\u0131r\u0131\u011f\u0131&#8217;n\u0131n tam kav\u015fak noktas\u0131 olmas\u0131d\u0131r.<\/p>\n<p> * Elaz\u0131\u011f, Malatya zelzelesi olduktan sonra g\u00fcndeme bundan sonra zelzele nerede olur sorusu gelmi\u015fti.<\/p>\n<p> * Kahramanmara\u015f ve Ad\u0131yaman dolaylar\u0131nda olur diyenler vard\u0131. Ben zelzele gerginli\u011finin Palu ile Bing\u00f6l&#8217;e kayabilece\u011fini s\u00f6ylemi\u015ftim. Kald\u0131 ki Bing\u00f6l&#8217;de olu\u015ftu. T\u00fcrkiye&#8217;de hi\u00e7bir yerde zelzele olmasa, Bing\u00f6l Karl\u0131ova&#8217;da olur.<\/p>\n<p> * Buraya ge\u00e7mi\u015fte bakt\u0131\u011f\u0131n\u0131z vakit esasen b\u00fcy\u00fck zelzeleler \u00fcretmi\u015fti.<\/p>\n<p> * 1875 y\u0131l\u0131nda Karl\u0131ova&#8217;da 6,1 b\u00fcy\u00fckl\u00fc\u011f\u00fcnde sars\u0131nt\u0131 olmu\u015ftu. 1944 ve 47&#8217;de 7&#8217;\u015fer iki zelzelenin akabinde 1949 y\u0131l\u0131nda yeni bir 7 b\u00fcy\u00fckl\u00fc\u011f\u00fcnde daha zelzele oldu.<\/p>\n<p> * 1965&#8217;e kadar sessiz olan bu b\u00f6lge, 2005 y\u0131l\u0131nda 5,7 \u2013 5,9 ve 5,5 zelzeleler \u00fcretti. \u00a0Sonra b\u00f6lgede sars\u0131nt\u0131 yakla\u015f\u0131k olarak 15 y\u0131l suskunlu\u011fa ge\u00e7ti. Bug\u00fcn 5,8 \u00fcretti.<\/p>\n<p> * Bunun gerisinden 5,5 gelebilir. Karl\u0131ova&#8217;n\u0131n sars\u0131nt\u0131 kimli\u011fine bakt\u0131\u011f\u0131m\u0131zda bunun m\u00fcmk\u00fcnl\u00fc\u011f\u00fc var.<\/p>\n<p> <span>&#8220;DEPREMLER\u0130N B\u00d6LGE \u0130\u00c7\u0130N YIKICI OLMAMASININ ANA NEDEN\u0130\u2026&#8221;<\/span><\/p>\n<p> B\u00f6ylesine b\u00fcy\u00fck bir zelzele kar\u015f\u0131s\u0131nda \u00f6l\u00fcml\u00fc bir y\u0131k\u0131m\u0131n olmamas\u0131n\u0131n nedenini de a\u00e7\u0131klayan Ercan, \u015fu tabirleri kulland\u0131:<\/p>\n<p> * Bu sars\u0131nt\u0131lar\u0131n b\u00f6lge i\u00e7in y\u0131k\u0131c\u0131 olmamas\u0131n\u0131n ana nedeni konutlar\u0131n niteli\u011finin \u00fcst\u00fcn olmas\u0131ndan kaynaklanm\u0131yor. Ana neden b\u00f6lgenin b\u00fcsb\u00fct\u00fcn kayal\u0131k olmas\u0131.<\/p>\n<p> * 2005 ve bu sars\u0131nt\u0131 bize neyi g\u00f6steriyor? Karl\u0131ova&#8217;n\u0131n daha b\u00fcy\u00fck bir zelzele \u00fcretmek i\u00e7in haz\u0131rlanmaya ba\u015flad\u0131\u011f\u0131n\u0131 g\u00f6steriyor.<\/p>\n<p> * Bu zelzelenin b\u00fcy\u00fckl\u00fc\u011f\u00fc yakla\u015f\u0131k 7 olur. Bu sars\u0131nt\u0131 gelecektekinin bir uyar\u0131c\u0131s\u0131. Bu gerginlik bo\u015falm\u0131\u015f durumda de\u011fil.<\/p>\n<p> * Bu formdaki sars\u0131nt\u0131lar b\u00f6lgenin birikim yapt\u0131\u011f\u0131n\u0131 g\u00f6sterir. Hasebiyle buras\u0131 haz\u0131rlan\u0131yor. 7 \u2013 7,1 zelzeleye haz\u0131rlan\u0131yor. Bu \u00e7abucak gelir diyemeyiz. \u0130lerde bu \u00fcretilecektir.<\/p>\n<p> <span>&#8220;KENTSEL D\u00d6N\u00dc\u015e\u00dcME S\u00dcRAT VER\u0130LMEL\u0130&#8221;<\/span><\/p>\n<p> Yetkilileri de uyaran Ahmet Ercan \u015f\u00f6yle konu\u015ftu:<\/p>\n<p> * Vali olsam Karl\u0131ova&#8217;n\u0131n ve etraf\u0131ndaki il\u00e7elerin kentsel d\u00f6n\u00fc\u015f\u00fcm\u00fcn\u00fc h\u0131zland\u0131r\u0131r\u0131m. Bunun art\u00e7\u0131lar\u0131 yakla\u015f\u0131k 15 g\u00fcn s\u00fcrecektir.<\/p>\n<p> * 5,6 \u2013 5,8 sars\u0131nt\u0131lar bu b\u00f6lgede tekrar g\u00f6r\u00fcl\u00fcrse benim i\u00e7in \u015fa\u015f\u0131rtan olmaz.<\/p>\n<p> * Karl\u0131ova&#8217;n\u0131n sars\u0131nt\u0131 kimli\u011fi T\u00fcrkiye&#8217;ninkilerden \u00e7ok farkl\u0131. Ge\u00e7mi\u015fte de bu t\u00fcrl\u00fc davrand\u0131.<\/p>\n","protected":false},"excerpt":{"rendered":"<p>Bing\u00f6l&#8217;\u00fcn Karl\u0131ova il\u00e7esinde meydana gelen 5,7 b\u00fcy\u00fckl\u00fc\u011f\u00fcndeki zelzele ile ilgili konu\u015fan sars\u0131nt\u0131 bilimci Y\u00fcksek Jeofizik M\u00fchendisi Prof. Dr. \u00d6vg\u00fcn Ahmet Ercan, S\u00d6ZC\u00dc&#8217;ye yapt\u0131\u011f\u0131 a\u00e7\u0131klamada, &#8220;Karl\u0131ova&#8217;daki sars\u0131nt\u0131 seyri T\u00fcrkiye&#8217;nin zelzele seyrinden de\u011fi\u015fiktir. \u015eu anki durum Karl\u0131ova&#8217;n\u0131n daha b\u00fcy\u00fck bir sars\u0131nt\u0131 \u00fcretmek i\u00e7in haz\u0131rlanmaya ba\u015flad\u0131\u011f\u0131n\u0131 g\u00f6steriyor. Bu \u015fu g\u00fcn olabilir demek yanl\u0131\u015f ancak gelecekte 7 yahut 7,1 sars\u0131nt\u0131ya haz\u0131rl\u0131kl\u0131 olmal\u0131y\u0131z&#8221; dedi.<\/p>\n","protected":false},"author":1,"featured_media":4184,"comment_status":"open","ping_status":"open","sticky":false,"template":"","format":"standard","meta":{"footnotes":""},"categories":[27],"tags":[579,578,576,580,577],"class_list":["post-4183","post","type-post","status-publish","format-standard","has-post-thumbnail","hentry","category-guncel-haberler","tag-bingol","tag-bolge","tag-deprem","tag-ercan","tag-karliova"],"_links":{"self":[{"href":"https:\/\/haberbesiktas.tr\/index.php?rest_route=\/wp\/v2\/posts\/4183","targetHints":{"allow":["GET"]}}],"collection":[{"href":"https:\/\/haberbesiktas.tr\/index.php?rest_route=\/wp\/v2\/posts"}],"about":[{"href":"https:\/\/haberbesiktas.tr\/index.php?rest_route=\/wp\/v2\/types\/post"}],"author":[{"embeddable":true,"href":"https:\/\/haberbesiktas.tr\/index.php?rest_route=\/wp\/v2\/users\/1"}],"replies":[{"embeddable":true,"href":"https:\/\/haberbesiktas.tr\/index.php?rest_route=%2Fwp%2Fv2%2Fcomments&post=4183"}],"version-history":[{"count":1,"href":"https:\/\/haberbesiktas.tr\/index.php?rest_route=\/wp\/v2\/posts\/4183\/revisions"}],"predecessor-version":[{"id":4185,"href":"https:\/\/haberbesiktas.tr\/index.php?rest_route=\/wp\/v2\/posts\/4183\/revisions\/4185"}],"wp:featuredmedia":[{"embeddable":true,"href":"https:\/\/haberbesiktas.tr\/index.php?rest_route=\/wp\/v2\/media\/4184"}],"wp:attachment":[{"href":"https:\/\/haberbesiktas.tr\/index.php?rest_route=%2Fwp%2Fv2%2Fmedia&parent=4183"}],"wp:term":[{"taxonomy":"category","embeddable":true,"href":"https:\/\/haberbesiktas.tr\/index.php?rest_route=%2Fwp%2Fv2%2Fcategories&post=4183"},{"taxonomy":"post_tag","embeddable":true,"href":"https:\/\/haberbesiktas.tr\/index.php?rest_route=%2Fwp%2Fv2%2Ftags&post=4183"}],"curies":[{"name":"wp","href":"https:\/\/api.w.org\/{rel}","templated":true}]}}