{"id":41837,"date":"2025-06-26T04:00:08","date_gmt":"2025-06-26T04:00:08","guid":{"rendered":"https:\/\/haberbesiktas.tr\/?p=41837"},"modified":"2025-06-26T04:00:08","modified_gmt":"2025-06-26T04:00:08","slug":"samsunsporda-van-drongelenin-dudagina-dikis-atildi","status":"publish","type":"post","link":"https:\/\/haberbesiktas.tr\/?p=41837","title":{"rendered":"Samsunspor&#8217;da Van Drongelen&#8217;in duda\u011f\u0131na diki\u015f at\u0131ld\u0131"},"content":{"rendered":"<div>Trendyol Harika Lig&#8217;in 31. haftas\u0131nda alan\u0131nda Galatasaray&#8217;a 2-0 ma\u011flup olan Reeder Samsunspor&#8217;da Roland Sallai ile girdi\u011fi u\u011fra\u015f yaralanan Van Drongelen&#8217;in duda\u011f\u0131na diki\u015f at\u0131ld\u0131.<\/p>\n<p> K\u0131m\u0131z\u0131-beyazl\u0131 kul\u00fcpten yap\u0131lan a\u00e7\u0131klamada, oyuncular\u0131 Rick Van Drongelen&#8217;in, sar\u0131 kart g\u00f6rd\u00fc\u011f\u00fc durumda a\u011fz\u0131na alm\u0131\u015f oldu\u011fu darbe sonucu duda\u011f\u0131n\u0131n yar\u0131ld\u0131\u011f\u0131 ve alanda yap\u0131lan m\u00fcdahalenin akabinde ma\u00e7a devam edebildi\u011fi hat\u0131rlat\u0131ld\u0131.<\/p>\n<p> Kar\u015f\u0131la\u015fma sonras\u0131nda oyuncunun s\u0131hhat denetiminin yap\u0131ld\u0131\u011f\u0131 tabir edilerek, <strong>&#8220;Sa\u011fl\u0131k sponsorumuz VM Medicalpark Samsun Hastanesinde yap\u0131lan denetimlerde, par\u00e7alanan dudak dokusu plastik cerrahi taraf\u0131ndan suture edilmi\u015ftir. \u00c7al\u0131\u015fmalar\u0131na devam edecek olan oyuncumuza ge\u00e7mi\u015f olsun dileklerimizi iletiyor, en k\u0131sa m\u00fcddette s\u0131hhatine kavu\u015fmas\u0131n\u0131 temenni ediyoruz.&#8221;<\/strong><\/p>\n<p> Bu ortada Hollandal\u0131 futbolcu Van Drongelen ise toplumsal medya hesab\u0131ndan foto\u011fraf\u0131n\u0131, &#8220;8 diki\u015f, 6 final&#8221; notuyla payla\u015ft\u0131.<\/p>\n<\/div>\n<p><\/p>\n","protected":false},"excerpt":{"rendered":"<p>Trendyol S\u00fcper Lig&#8217;de Galatasaray&#8217;a 2-0 ma\u011flup olan Reeder Samsunspor&#8217;da yaralanan Van Drongelen&#8217;in duda\u011f\u0131na diki\u015f at\u0131ld\u0131.<\/p>\n","protected":false},"author":1,"featured_media":41838,"comment_status":"open","ping_status":"open","sticky":false,"template":"","format":"standard","meta":{"footnotes":""},"categories":[25],"tags":[],"class_list":["post-41837","post","type-post","status-publish","format-standard","has-post-thumbnail","hentry","category-futbol"],"_links":{"self":[{"href":"https:\/\/haberbesiktas.tr\/index.php?rest_route=\/wp\/v2\/posts\/41837","targetHints":{"allow":["GET"]}}],"collection":[{"href":"https:\/\/haberbesiktas.tr\/index.php?rest_route=\/wp\/v2\/posts"}],"about":[{"href":"https:\/\/haberbesiktas.tr\/index.php?rest_route=\/wp\/v2\/types\/post"}],"author":[{"embeddable":true,"href":"https:\/\/haberbesiktas.tr\/index.php?rest_route=\/wp\/v2\/users\/1"}],"replies":[{"embeddable":true,"href":"https:\/\/haberbesiktas.tr\/index.php?rest_route=%2Fwp%2Fv2%2Fcomments&post=41837"}],"version-history":[{"count":1,"href":"https:\/\/haberbesiktas.tr\/index.php?rest_route=\/wp\/v2\/posts\/41837\/revisions"}],"predecessor-version":[{"id":41839,"href":"https:\/\/haberbesiktas.tr\/index.php?rest_route=\/wp\/v2\/posts\/41837\/revisions\/41839"}],"wp:featuredmedia":[{"embeddable":true,"href":"https:\/\/haberbesiktas.tr\/index.php?rest_route=\/wp\/v2\/media\/41838"}],"wp:attachment":[{"href":"https:\/\/haberbesiktas.tr\/index.php?rest_route=%2Fwp%2Fv2%2Fmedia&parent=41837"}],"wp:term":[{"taxonomy":"category","embeddable":true,"href":"https:\/\/haberbesiktas.tr\/index.php?rest_route=%2Fwp%2Fv2%2Fcategories&post=41837"},{"taxonomy":"post_tag","embeddable":true,"href":"https:\/\/haberbesiktas.tr\/index.php?rest_route=%2Fwp%2Fv2%2Ftags&post=41837"}],"curies":[{"name":"wp","href":"https:\/\/api.w.org\/{rel}","templated":true}]}}