{"id":41840,"date":"2025-06-26T04:12:07","date_gmt":"2025-06-26T04:12:07","guid":{"rendered":"https:\/\/haberbesiktas.tr\/?p=41840"},"modified":"2025-06-26T04:12:07","modified_gmt":"2025-06-26T04:12:07","slug":"tffden-muhammed-damar-atagi","status":"publish","type":"post","link":"https:\/\/haberbesiktas.tr\/?p=41840","title":{"rendered":"TFF&#8217;den Muhammed Damar ata\u011f\u0131"},"content":{"rendered":"<div>T\u00fcrkiye Futbol Federasyonu, Elversberg formas\u0131 giyen Muhammed Damar i\u00e7in harekete ge\u00e7ti.<\/p>\n<p><strong>MONTELLA&#8217;DAN TELEFON<\/strong><\/p>\n<p> Federasyon, 21 ya\u015f\u0131ndaki futbolcuyu ulusal ekibe kazand\u0131rmak istiyor. Sky&#8217;da yer alan habere nazaran, A Ulusal Ekip Teknik Y\u00f6neticisi Vincenzo Montella, gen\u00e7 futbolcu ile bir telefon g\u00f6r\u00fc\u015fmesi ger\u00e7ekle\u015ftirdi.<\/p>\n<p> Almanya&#8217;n\u0131n alt ya\u015f kategorisinde oynayan Muhammed Damar&#8217;\u0131n, \u015fu anda Almanya i\u00e7in oynamaya devam etmek istedi\u011fi yaz\u0131ld\u0131.<\/p>\n<p> Ana mevkisi on numara olan Muhammed Damar, merkez orta saha ve sol kanatta da forma giyebiliyor.<\/p>\n<p><strong>BU D\u00d6NEM PERFORMANSI<\/strong><\/p>\n<p> Bonservisi Hoffenheim&#8217;da olan ve bu d\u00f6nem Elversberg&#8217;te kiral\u0131k olarak forma giyen gen\u00e7 oyuncu, bu d\u00f6nem \u00e7\u0131kt\u0131\u011f\u0131 27 ma\u00e7ta 7 gol, 6 asistlik performans ortaya koydu.<\/p>\n<p> Akt\u00fcel piyasa bedeli 4 milyon euro olarak g\u00f6sterilen Muhammed Damar&#8217;\u0131n bonservisinin bulundu\u011fu Hoffenheim ile mukavelesi 2026 y\u0131l\u0131na kadar devam ediyor.<\/p>\n<\/div>\n<p><\/p>\n","protected":false},"excerpt":{"rendered":"<p>T\u00fcrkiye Futbol Federasyonu, Elversberg formas\u0131 giyen 21 ya\u015f\u0131ndaki Muhammed Damar&#8217;\u0131 A Ulusal Grup&#8217;ya kazand\u0131rmak istiyor. A Ulusal Kadro Teknik Y\u00f6neticisi Vincenzo Montella, Muhammed Damar ile bir telefon g\u00f6r\u00fc\u015fmesi ger\u00e7ekle\u015ftirdi.<\/p>\n","protected":false},"author":1,"featured_media":41841,"comment_status":"open","ping_status":"open","sticky":false,"template":"","format":"standard","meta":{"footnotes":""},"categories":[25],"tags":[],"class_list":["post-41840","post","type-post","status-publish","format-standard","has-post-thumbnail","hentry","category-futbol"],"_links":{"self":[{"href":"https:\/\/haberbesiktas.tr\/index.php?rest_route=\/wp\/v2\/posts\/41840","targetHints":{"allow":["GET"]}}],"collection":[{"href":"https:\/\/haberbesiktas.tr\/index.php?rest_route=\/wp\/v2\/posts"}],"about":[{"href":"https:\/\/haberbesiktas.tr\/index.php?rest_route=\/wp\/v2\/types\/post"}],"author":[{"embeddable":true,"href":"https:\/\/haberbesiktas.tr\/index.php?rest_route=\/wp\/v2\/users\/1"}],"replies":[{"embeddable":true,"href":"https:\/\/haberbesiktas.tr\/index.php?rest_route=%2Fwp%2Fv2%2Fcomments&post=41840"}],"version-history":[{"count":1,"href":"https:\/\/haberbesiktas.tr\/index.php?rest_route=\/wp\/v2\/posts\/41840\/revisions"}],"predecessor-version":[{"id":41842,"href":"https:\/\/haberbesiktas.tr\/index.php?rest_route=\/wp\/v2\/posts\/41840\/revisions\/41842"}],"wp:featuredmedia":[{"embeddable":true,"href":"https:\/\/haberbesiktas.tr\/index.php?rest_route=\/wp\/v2\/media\/41841"}],"wp:attachment":[{"href":"https:\/\/haberbesiktas.tr\/index.php?rest_route=%2Fwp%2Fv2%2Fmedia&parent=41840"}],"wp:term":[{"taxonomy":"category","embeddable":true,"href":"https:\/\/haberbesiktas.tr\/index.php?rest_route=%2Fwp%2Fv2%2Fcategories&post=41840"},{"taxonomy":"post_tag","embeddable":true,"href":"https:\/\/haberbesiktas.tr\/index.php?rest_route=%2Fwp%2Fv2%2Ftags&post=41840"}],"curies":[{"name":"wp","href":"https:\/\/api.w.org\/{rel}","templated":true}]}}