{"id":41846,"date":"2025-06-26T04:36:10","date_gmt":"2025-06-26T04:36:10","guid":{"rendered":"https:\/\/haberbesiktas.tr\/?p=41846"},"modified":"2025-06-26T04:36:10","modified_gmt":"2025-06-26T04:36:10","slug":"jorge-jesustan-brezilya-aciklamasi","status":"publish","type":"post","link":"https:\/\/haberbesiktas.tr\/?p=41846","title":{"rendered":"Jorge Jesus&#8217;tan Brezilya a\u00e7\u0131klamas\u0131!"},"content":{"rendered":"<div>Al Hilal Teknik Y\u00f6neticisi Jorge Jesus, hakk\u0131ndaki Brezilya Ulusal Ekibi tezlerine kar\u015f\u0131l\u0131k verdi.<\/p>\n<p> Brezilya Ulusal Ekibi ile g\u00f6r\u00fc\u015fme halinde oldu\u011fu ve grubun ba\u015f\u0131na ge\u00e7ebilece\u011fi haberleri \u00e7\u0131kan Portekizli teknik adam, <strong>&#8220;Do\u011fru olmayan s\u00f6ylentiler hakk\u0131nda yorum yapamam. Bunlar\u0131 yaln\u0131zca medyadan duyuyorum ve benim haberim olmadan g\u00fcndeme gelen \u015feylere kar\u015f\u0131l\u0131k vermeyece\u011fim. Bu mevzuyu kul\u00fcp ve liderle konu\u015ftum. D\u0131\u015far\u0131da neler oldu\u011funu denetim edemem.&#8221;<\/strong> cevab\u0131n\u0131 verdi.<\/p>\n<p> Brezilya Ulusal Grubu, Arjantin kar\u015f\u0131s\u0131nda al\u0131nan 4-1&#8217;lik ma\u011flubiyetin akabinde teknik y\u00f6netici Dorival Junior ile yollar\u0131n\u0131 ay\u0131rm\u0131\u015ft\u0131.<\/p>\n<\/div>\n<p><\/p>\n","protected":false},"excerpt":{"rendered":"<p>Al Hilal Teknik Y\u00f6neticisi Jorge Jesus, hakk\u0131ndaki Brezilya Ulusal Kadrosu haberleriyle ilgili konu\u015ftu.<\/p>\n","protected":false},"author":1,"featured_media":41847,"comment_status":"open","ping_status":"open","sticky":false,"template":"","format":"standard","meta":{"footnotes":""},"categories":[25],"tags":[],"class_list":["post-41846","post","type-post","status-publish","format-standard","has-post-thumbnail","hentry","category-futbol"],"_links":{"self":[{"href":"https:\/\/haberbesiktas.tr\/index.php?rest_route=\/wp\/v2\/posts\/41846","targetHints":{"allow":["GET"]}}],"collection":[{"href":"https:\/\/haberbesiktas.tr\/index.php?rest_route=\/wp\/v2\/posts"}],"about":[{"href":"https:\/\/haberbesiktas.tr\/index.php?rest_route=\/wp\/v2\/types\/post"}],"author":[{"embeddable":true,"href":"https:\/\/haberbesiktas.tr\/index.php?rest_route=\/wp\/v2\/users\/1"}],"replies":[{"embeddable":true,"href":"https:\/\/haberbesiktas.tr\/index.php?rest_route=%2Fwp%2Fv2%2Fcomments&post=41846"}],"version-history":[{"count":1,"href":"https:\/\/haberbesiktas.tr\/index.php?rest_route=\/wp\/v2\/posts\/41846\/revisions"}],"predecessor-version":[{"id":41848,"href":"https:\/\/haberbesiktas.tr\/index.php?rest_route=\/wp\/v2\/posts\/41846\/revisions\/41848"}],"wp:featuredmedia":[{"embeddable":true,"href":"https:\/\/haberbesiktas.tr\/index.php?rest_route=\/wp\/v2\/media\/41847"}],"wp:attachment":[{"href":"https:\/\/haberbesiktas.tr\/index.php?rest_route=%2Fwp%2Fv2%2Fmedia&parent=41846"}],"wp:term":[{"taxonomy":"category","embeddable":true,"href":"https:\/\/haberbesiktas.tr\/index.php?rest_route=%2Fwp%2Fv2%2Fcategories&post=41846"},{"taxonomy":"post_tag","embeddable":true,"href":"https:\/\/haberbesiktas.tr\/index.php?rest_route=%2Fwp%2Fv2%2Ftags&post=41846"}],"curies":[{"name":"wp","href":"https:\/\/api.w.org\/{rel}","templated":true}]}}