{"id":41849,"date":"2025-06-26T04:48:06","date_gmt":"2025-06-26T04:48:06","guid":{"rendered":"https:\/\/haberbesiktas.tr\/?p=41849"},"modified":"2025-06-26T04:48:06","modified_gmt":"2025-06-26T04:48:06","slug":"motosikletci-can-oncu-supersport-hollanda-ayagindaki-ilk-yarista-3-oldu","status":"publish","type":"post","link":"https:\/\/haberbesiktas.tr\/?p=41849","title":{"rendered":"Motosiklet\u00e7i Can \u00d6nc\u00fc, Supersport Hollanda aya\u011f\u0131ndaki ilk yar\u0131\u015fta 3. oldu"},"content":{"rendered":"<p><span><span>Motosiklet \u015fof\u00f6r\u00fc Can \u00d6nc\u00fc, D\u00fcnya Supersport \u015eampiyonas\u0131&#8217;n\u0131n Hollanda&#8217;daki 3. aya\u011f\u0131n\u0131n birinci yar\u0131\u015f\u0131nda 3. s\u0131ray\u0131 ald\u0131.\u00a0\u00a0<\/span><\/span> <\/p>\n<div> Assen kentiyle birebir ismi ta\u015f\u0131yan 4,5 kilometrelik pistte yap\u0131lan yar\u0131\u015flar\u0131n birincisi tamamland\u0131.<\/p>\n<p> Yamaha BLU CRU Evan Bros kadrosu ismine \u00e7aba eden Can, pole durumundan ba\u015flad\u0131\u011f\u0131 yar\u0131\u015f\u0131 3. s\u0131rada bitirdi.<\/p>\n<p> Damal\u0131 bayra\u011f\u0131, Hollandal\u0131 Bo Bendsneyder birinci, \u0130talyan Stefano Manzi ise 2. s\u0131rada ge\u00e7ti.<\/p>\n<p> Hollanda etab\u0131n\u0131n ikinci yar\u0131\u015f\u0131 pazar g\u00fcn\u00fc yap\u0131lacak.<\/p>\n<div>\u00a0<\/div>\n<\/p><\/div>\n<div>\u00a0<\/div>\n","protected":false},"excerpt":{"rendered":"<p>Motosiklet \u015fof\u00f6r\u00fc Can \u00d6nc\u00fc, D\u00fcnya Supersport \u015eampiyonas\u0131&#8217;n\u0131n Hollanda&#8217;daki 3. aya\u011f\u0131n\u0131n birinci yar\u0131\u015f\u0131nda 3. s\u0131ray\u0131 ald\u0131.<\/p>\n","protected":false},"author":1,"featured_media":41850,"comment_status":"open","ping_status":"open","sticky":false,"template":"","format":"standard","meta":{"footnotes":""},"categories":[27],"tags":[],"class_list":["post-41849","post","type-post","status-publish","format-standard","has-post-thumbnail","hentry","category-guncel-haberler"],"_links":{"self":[{"href":"https:\/\/haberbesiktas.tr\/index.php?rest_route=\/wp\/v2\/posts\/41849","targetHints":{"allow":["GET"]}}],"collection":[{"href":"https:\/\/haberbesiktas.tr\/index.php?rest_route=\/wp\/v2\/posts"}],"about":[{"href":"https:\/\/haberbesiktas.tr\/index.php?rest_route=\/wp\/v2\/types\/post"}],"author":[{"embeddable":true,"href":"https:\/\/haberbesiktas.tr\/index.php?rest_route=\/wp\/v2\/users\/1"}],"replies":[{"embeddable":true,"href":"https:\/\/haberbesiktas.tr\/index.php?rest_route=%2Fwp%2Fv2%2Fcomments&post=41849"}],"version-history":[{"count":1,"href":"https:\/\/haberbesiktas.tr\/index.php?rest_route=\/wp\/v2\/posts\/41849\/revisions"}],"predecessor-version":[{"id":41851,"href":"https:\/\/haberbesiktas.tr\/index.php?rest_route=\/wp\/v2\/posts\/41849\/revisions\/41851"}],"wp:featuredmedia":[{"embeddable":true,"href":"https:\/\/haberbesiktas.tr\/index.php?rest_route=\/wp\/v2\/media\/41850"}],"wp:attachment":[{"href":"https:\/\/haberbesiktas.tr\/index.php?rest_route=%2Fwp%2Fv2%2Fmedia&parent=41849"}],"wp:term":[{"taxonomy":"category","embeddable":true,"href":"https:\/\/haberbesiktas.tr\/index.php?rest_route=%2Fwp%2Fv2%2Fcategories&post=41849"},{"taxonomy":"post_tag","embeddable":true,"href":"https:\/\/haberbesiktas.tr\/index.php?rest_route=%2Fwp%2Fv2%2Ftags&post=41849"}],"curies":[{"name":"wp","href":"https:\/\/api.w.org\/{rel}","templated":true}]}}