{"id":41852,"date":"2025-06-26T05:00:08","date_gmt":"2025-06-26T05:00:08","guid":{"rendered":"https:\/\/haberbesiktas.tr\/?p=41852"},"modified":"2025-06-26T05:00:08","modified_gmt":"2025-06-26T05:00:08","slug":"fenerbahce-efsaneleri-ile-eski-schalke-04-oyunculari-dostluk-maci-yapti","status":"publish","type":"post","link":"https:\/\/haberbesiktas.tr\/?p=41852","title":{"rendered":"Fenerbah\u00e7e efsaneleri ile eski Schalke 04 oyuncular\u0131 dostluk ma\u00e7\u0131 yapt\u0131"},"content":{"rendered":"<div><span><span>Almanya&#8217;n\u0131n Gelsenkirchen kentinde daha evvel Fenerbah\u00e7e formas\u0131 giymi\u015f futbolcular ile Schalke 04&#8217;\u00fcn eski futbolcular\u0131 dostluk ma\u00e7\u0131 i\u00e7in kar\u015f\u0131la\u015ft\u0131.\u00a0<\/span><\/span> Sportanlage \u00dcckendorf Stad\u0131&#8217;nda Schalke 04 Traditionsmannschaft ile Fenerbah\u00e7e Legends kadrolar\u0131 ortas\u0131nda yap\u0131lan m\u00fcsabaka 2-2 sona erdi.<\/p>\n<p> Fenerbah\u00e7e&#8217;nin gollerini Nobre ve \u0130lhan Parlak kaydederken, Schalke&#8217;nin iki gol\u00fcn\u00fc Ailton att\u0131.<\/p>\n<p> Gelsenkirchen Fenerbah\u00e7eliler Derne\u011fi&#8217;nin organize etti\u011fi ve daha evvel Fenerbah\u00e7e formas\u0131 giymi\u015f \u00fcnl\u00fc oyuncular\u0131n yan\u0131 s\u0131ra Schalke 04&#8217;te oynam\u0131\u015f ve Almanya Ulusal Grubu ile d\u00fcnya \u015fampiyonlu\u011fu ya\u015fam\u0131\u015f futbolcular\u0131n yer ald\u0131\u011f\u0131 dostluk ma\u00e7\u0131na seyirciler a\u011f\u0131r ilgi g\u00f6sterdi.<\/p>\n<p> Fenerbah\u00e7e tak\u0131m\u0131nda Recep Biler, \u0130lhan Parlak, Bekir \u0130rteg\u00fcn, Erol Bulut, U\u011fur Boral, Mehmet Yozgatl\u0131, Elvir Boli\u00e7 , Miroslav Stoch, B\u00fclent Uygun, Ceyhun Fersoy, Ali Al\u0131m, Lider Turac\u0131, Deniz Bar\u0131\u015f, Kemal Aslan, Serkan Balc\u0131, Erhan Albayrak, Bruno Alves ve Marcio Nobre \u00fczere isimler yer ald\u0131.<\/p>\n<p> Fenerbah\u00e7e Legends kadrosunun teknik grubunda de Y\u0131lmaz Vural, B\u00fclent Uygun ve U\u011fur Boral yer ald\u0131.<\/p>\n<p> Schalke 04 ekibinde ise Olaf Thon, Oliver Reck, Ailton Goncalves, Cihan Y\u0131lmaz \u00fczere tan\u0131nm\u0131\u015f isimler forma giydi.<\/p>\n<p> Fenerbah\u00e7eli futbolcular\u0131n formas\u0131nda Atat\u00fcrk posteri ve imzas\u0131 yer ald\u0131.<\/p>\n<p> Teknik Y\u00f6netici Y\u0131lmaz Vural, AA muhabirine yapt\u0131\u011f\u0131 a\u00e7\u0131klamada, futbolun ne kadar k\u0131ymetli ve \u00f6m\u00fcr uzunlu\u011fu s\u00fcren bir aktivite oldu\u011funu bu tertiple ya\u015fad\u0131klar\u0131n\u0131 s\u00f6yledi.<\/p>\n<p> \u00c7ok keyifli bir g\u00fcn oldu\u011funu s\u00f6z eden Y\u0131lmaz, &#8220;Antalya&#8217;daki turnuvada onlar\u0131 biz yendik, art\u0131k deplasmanday\u0131z. Sonucun \u00f6tesinde buradaki insanlar\u0131n heyecanla bizi desteklemeye gelmesi be\u011fenilen bir \u015fey.&#8221; dedi.<\/p>\n<p> Organizat\u00f6r Kamil Demirbilek, aktifli\u011fi T\u00fcrk Alman dostlu\u011funu peki\u015ftirmek gayesiyle d\u00fczenlendiklerini ve eski futbolculara kar\u015f\u0131 bir hasret olmas\u0131ndan \u00f6t\u00fcr\u00fc tertibe ilginin b\u00fcy\u00fck oldu\u011funu tabir etti.<\/p>\n<\/div>\n<p><\/p>\n","protected":false},"excerpt":{"rendered":"<p>Almanya&#8217;n\u0131n Gelsenkirchen kentinde daha evvel Fenerbah\u00e7e formas\u0131 giymi\u015f futbolcular ile Schalke 04&#8217;\u00fcn eski futbolcular\u0131 dostluk ma\u00e7\u0131 i\u00e7in alana \u00e7\u0131kt\u0131.<\/p>\n","protected":false},"author":1,"featured_media":41853,"comment_status":"open","ping_status":"open","sticky":false,"template":"","format":"standard","meta":{"footnotes":""},"categories":[25],"tags":[115,2982,3162],"class_list":["post-41852","post","type-post","status-publish","format-standard","has-post-thumbnail","hentry","category-futbol","tag-fenerbahce","tag-futbolcular","tag-schalke"],"_links":{"self":[{"href":"https:\/\/haberbesiktas.tr\/index.php?rest_route=\/wp\/v2\/posts\/41852","targetHints":{"allow":["GET"]}}],"collection":[{"href":"https:\/\/haberbesiktas.tr\/index.php?rest_route=\/wp\/v2\/posts"}],"about":[{"href":"https:\/\/haberbesiktas.tr\/index.php?rest_route=\/wp\/v2\/types\/post"}],"author":[{"embeddable":true,"href":"https:\/\/haberbesiktas.tr\/index.php?rest_route=\/wp\/v2\/users\/1"}],"replies":[{"embeddable":true,"href":"https:\/\/haberbesiktas.tr\/index.php?rest_route=%2Fwp%2Fv2%2Fcomments&post=41852"}],"version-history":[{"count":1,"href":"https:\/\/haberbesiktas.tr\/index.php?rest_route=\/wp\/v2\/posts\/41852\/revisions"}],"predecessor-version":[{"id":41854,"href":"https:\/\/haberbesiktas.tr\/index.php?rest_route=\/wp\/v2\/posts\/41852\/revisions\/41854"}],"wp:featuredmedia":[{"embeddable":true,"href":"https:\/\/haberbesiktas.tr\/index.php?rest_route=\/wp\/v2\/media\/41853"}],"wp:attachment":[{"href":"https:\/\/haberbesiktas.tr\/index.php?rest_route=%2Fwp%2Fv2%2Fmedia&parent=41852"}],"wp:term":[{"taxonomy":"category","embeddable":true,"href":"https:\/\/haberbesiktas.tr\/index.php?rest_route=%2Fwp%2Fv2%2Fcategories&post=41852"},{"taxonomy":"post_tag","embeddable":true,"href":"https:\/\/haberbesiktas.tr\/index.php?rest_route=%2Fwp%2Fv2%2Ftags&post=41852"}],"curies":[{"name":"wp","href":"https:\/\/api.w.org\/{rel}","templated":true}]}}