{"id":41855,"date":"2025-06-26T05:12:08","date_gmt":"2025-06-26T05:12:08","guid":{"rendered":"https:\/\/haberbesiktas.tr\/?p=41855"},"modified":"2025-06-26T05:12:08","modified_gmt":"2025-06-26T05:12:08","slug":"fenerbahcede-sofyan-amrabat-endisesi","status":"publish","type":"post","link":"https:\/\/haberbesiktas.tr\/?p=41855","title":{"rendered":"Fenerbah\u00e7e&#8217;de Sofyan Amrabat endi\u015fesi"},"content":{"rendered":"<div>Trendyol Harika Lig&#8217;in 31. haftas\u0131nda 13 Nisan Pazar g\u00fcn\u00fc Sivasspor&#8217;a konuk olacak Fenerbah\u00e7e&#8217;de s\u0131cak bir geli\u015fme ya\u015fand\u0131.\u00a0<\/p>\n<p>Ya\u011f\u0131z Sabuncuo\u011flu&#8217;nun aktard\u0131\u011f\u0131 bilgiye nazaran Fenerbah\u00e7e&#8217;nin Fasl\u0131 y\u0131ld\u0131z\u0131 <strong>Sofyan Amrabat, Sivasspor ma\u00e7 tak\u0131m\u0131na al\u0131nmayabilir.\u00a0<\/strong> Oyuncunun durumu denetim ediliyor.\u00a0<\/p>\n<p><strong>AMRABAT&#8217;IN PERFORMANSI<\/strong><\/p>\n<p>28 ya\u015f\u0131ndaki orta saha,\u00a0bu d\u00f6nem Fenerbah\u00e7e formas\u0131yla \u00e7\u0131kt\u0131\u011f\u0131 40 resmi ma\u00e7ta 2 gol att\u0131 ve 3 asist katk\u0131s\u0131 yapt\u0131.\u00a0\u00a0 <\/p>\n<div>\u00a0<\/div>\n<\/div>\n<p><\/p>\n","protected":false},"excerpt":{"rendered":"<p>Fenerbah\u00e7e&#8217;de a\u011fr\u0131lar\u0131 bulunan Sofyan Amrabat, Sivasspor ma\u00e7 tak\u0131m\u0131na al\u0131nmayabilir. Oyuncunun durumu denetim ediliyor.<\/p>\n","protected":false},"author":1,"featured_media":41856,"comment_status":"open","ping_status":"open","sticky":false,"template":"","format":"standard","meta":{"footnotes":""},"categories":[25],"tags":[],"class_list":["post-41855","post","type-post","status-publish","format-standard","has-post-thumbnail","hentry","category-futbol"],"_links":{"self":[{"href":"https:\/\/haberbesiktas.tr\/index.php?rest_route=\/wp\/v2\/posts\/41855","targetHints":{"allow":["GET"]}}],"collection":[{"href":"https:\/\/haberbesiktas.tr\/index.php?rest_route=\/wp\/v2\/posts"}],"about":[{"href":"https:\/\/haberbesiktas.tr\/index.php?rest_route=\/wp\/v2\/types\/post"}],"author":[{"embeddable":true,"href":"https:\/\/haberbesiktas.tr\/index.php?rest_route=\/wp\/v2\/users\/1"}],"replies":[{"embeddable":true,"href":"https:\/\/haberbesiktas.tr\/index.php?rest_route=%2Fwp%2Fv2%2Fcomments&post=41855"}],"version-history":[{"count":1,"href":"https:\/\/haberbesiktas.tr\/index.php?rest_route=\/wp\/v2\/posts\/41855\/revisions"}],"predecessor-version":[{"id":41857,"href":"https:\/\/haberbesiktas.tr\/index.php?rest_route=\/wp\/v2\/posts\/41855\/revisions\/41857"}],"wp:featuredmedia":[{"embeddable":true,"href":"https:\/\/haberbesiktas.tr\/index.php?rest_route=\/wp\/v2\/media\/41856"}],"wp:attachment":[{"href":"https:\/\/haberbesiktas.tr\/index.php?rest_route=%2Fwp%2Fv2%2Fmedia&parent=41855"}],"wp:term":[{"taxonomy":"category","embeddable":true,"href":"https:\/\/haberbesiktas.tr\/index.php?rest_route=%2Fwp%2Fv2%2Fcategories&post=41855"},{"taxonomy":"post_tag","embeddable":true,"href":"https:\/\/haberbesiktas.tr\/index.php?rest_route=%2Fwp%2Fv2%2Ftags&post=41855"}],"curies":[{"name":"wp","href":"https:\/\/api.w.org\/{rel}","templated":true}]}}