{"id":4186,"date":"2025-01-17T12:00:03","date_gmt":"2025-01-17T12:00:03","guid":{"rendered":"https:\/\/haberbesiktas.tr\/?p=4186"},"modified":"2025-01-17T12:00:03","modified_gmt":"2025-01-17T12:00:03","slug":"son-dakika-bilgolde-5-5-siddetinde-deprem-oldu-son-depremler","status":"publish","type":"post","link":"https:\/\/haberbesiktas.tr\/?p=4186","title":{"rendered":"Son dakika! Bilg\u00f6l&#8217;de 5.5 \u015fiddetinde deprem oldu | Son depremler&#8230;."},"content":{"rendered":"<p>Son dakika\u00a0haberine g\u00f6re\u00a0Bing\u00f6l&#8217;de bir kere daha\u00a0deprem\u00a0oldu. Bug\u00fcn saat 09.51&#8217;de meydana gelen sars\u0131nt\u0131 etraf vilayetlerde de hissedildi.D\u00fcn Bing\u00f6l&#8217;de meydana gelen sars\u0131nt\u0131 bir \u00e7ok etraf vilayette hissedilmi\u015fti. Bug\u00fcn de t\u0131pk\u0131 b\u00f6lgede Kayap\u0131nar Karl\u0131ova&#8217;da 5.5 \u015fiddetinde sars\u0131nt\u0131 meydana geldi. <\/p>\n<div> <strong>AFAD&#8217;a nazaran 5.6 \u015fiddetinde<\/strong><\/p>\n<p> AFAD&#8217;\u0131n internet sitesinden yap\u0131lan a\u00e7\u0131klamaya nazaran, saat 09.51&#8217;te Karl\u0131ova&#8217;da 5,6 b\u00fcy\u00fckl\u00fc\u011f\u00fcnde sars\u0131nt\u0131 kaydedildi. Zelzelenin 7,01 kilometre derinlikte oldu\u011fu belirlendi.<\/p>\n<p> Kandilli Rasathanesi&#8217;nden yap\u0131lan a\u00e7\u0131klamaya nazaran sars\u0131nt\u0131 Bing\u00f6l Kayap\u0131nar &#8211; Karl\u0131ova&#8217;da meydana geldi. 09:51&#8217;de ger\u00e7ekle\u015fen sars\u0131nt\u0131n\u0131n b\u00fcy\u00fckl\u00fc\u011f\u00fc 5.5 olarak \u00f6l\u00e7\u00fcl\u00fcrken derinlik 5 KM olarak belirlendi.<\/p>\n<div><img decoding=\"async\" src=\"https:\/\/haberbesiktas.tr\/wp-content\/uploads\/2025\/01\/son-dakika-bilgolde-55-siddetinde-deprem-oldu-son-depremler-0-htkqLPBd.jpg\"\/><\/div>\n<\/p><\/div>\n","protected":false},"excerpt":{"rendered":"<p>Son dakika haberi! Bing\u00f6l&#8217;de bir defa daha zelzele meydana geldi. Kandilli Rasathanesi&#8217;nin yapt\u0131\u011f\u0131 a\u00e7\u0131klamaya nazaran zelzelenin \u015fiddetinin 5.5 oldu\u011fu belirtildi.<\/p>\n","protected":false},"author":1,"featured_media":4187,"comment_status":"open","ping_status":"open","sticky":false,"template":"","format":"standard","meta":{"footnotes":""},"categories":[27],"tags":[576],"class_list":["post-4186","post","type-post","status-publish","format-standard","has-post-thumbnail","hentry","category-guncel-haberler","tag-deprem"],"_links":{"self":[{"href":"https:\/\/haberbesiktas.tr\/index.php?rest_route=\/wp\/v2\/posts\/4186","targetHints":{"allow":["GET"]}}],"collection":[{"href":"https:\/\/haberbesiktas.tr\/index.php?rest_route=\/wp\/v2\/posts"}],"about":[{"href":"https:\/\/haberbesiktas.tr\/index.php?rest_route=\/wp\/v2\/types\/post"}],"author":[{"embeddable":true,"href":"https:\/\/haberbesiktas.tr\/index.php?rest_route=\/wp\/v2\/users\/1"}],"replies":[{"embeddable":true,"href":"https:\/\/haberbesiktas.tr\/index.php?rest_route=%2Fwp%2Fv2%2Fcomments&post=4186"}],"version-history":[{"count":1,"href":"https:\/\/haberbesiktas.tr\/index.php?rest_route=\/wp\/v2\/posts\/4186\/revisions"}],"predecessor-version":[{"id":4189,"href":"https:\/\/haberbesiktas.tr\/index.php?rest_route=\/wp\/v2\/posts\/4186\/revisions\/4189"}],"wp:featuredmedia":[{"embeddable":true,"href":"https:\/\/haberbesiktas.tr\/index.php?rest_route=\/wp\/v2\/media\/4187"}],"wp:attachment":[{"href":"https:\/\/haberbesiktas.tr\/index.php?rest_route=%2Fwp%2Fv2%2Fmedia&parent=4186"}],"wp:term":[{"taxonomy":"category","embeddable":true,"href":"https:\/\/haberbesiktas.tr\/index.php?rest_route=%2Fwp%2Fv2%2Fcategories&post=4186"},{"taxonomy":"post_tag","embeddable":true,"href":"https:\/\/haberbesiktas.tr\/index.php?rest_route=%2Fwp%2Fv2%2Ftags&post=4186"}],"curies":[{"name":"wp","href":"https:\/\/api.w.org\/{rel}","templated":true}]}}