{"id":41878,"date":"2025-06-26T06:36:11","date_gmt":"2025-06-26T06:36:11","guid":{"rendered":"https:\/\/haberbesiktas.tr\/?p=41878"},"modified":"2025-06-26T06:36:11","modified_gmt":"2025-06-26T06:36:11","slug":"solskjaer-mustafa-hekimoglu-haalanda-benziyor","status":"publish","type":"post","link":"https:\/\/haberbesiktas.tr\/?p=41878","title":{"rendered":"Solskjaer: &#8220;Mustafa Hekimo\u011flu, Haaland&#8217;a benziyor&#8221;"},"content":{"rendered":"<div>Trendyol \u00dcst\u00fcn Lig&#8217;in 31. haftas\u0131nda Be\u015fikta\u015f, Ba\u015fak\u015fehir&#8217;i konuk edecek.\u00a0<\/p>\n<p>M\u00fccadele \u00f6ncesinde Siyah-Beyazl\u0131lar&#8217;\u0131n teknik y\u00f6neticisi Ole Gunnar Solskjaer, a\u00e7\u0131klamalarda bulundu.\u00a0<\/p>\n<p><strong>&#8220;AVRUPA&#8217;YA G\u0130TMEK \u0130\u00c7\u0130N \u00c7OK \u00c7ALI\u015eIYORUZ&#8221;<\/strong><\/p>\n<p>Kar\u015f\u0131la\u015fma \u00f6ncesi konu\u015fan Solskjaer, <strong>&#8220;3 aydan beri buraday\u0131z, \u00e7ok g\u00fczel \u00e7al\u0131\u015f\u0131yoruz. Avrupa&#8217;ya gitmek i\u00e7in \u00e7ok \u00e7al\u0131\u015f\u0131yoruz. \u00c7ok k\u0131ymetli bir ma\u00e7. Sakat ve cezal\u0131 oyuncular\u0131m\u0131z var bilhassa savunma s\u0131n\u0131r\u0131nda. Topla g\u00fczel olmak zorunday\u0131z. G\u00fczel bir halde topa sahip olmal\u0131y\u0131z ma\u00e7\u0131 domine etmek. Ba\u015fak\u015fehir de g\u00fczel bir grup. Piatek \u00fczere \u00e7ok gol atan bir oyuncular\u0131 var fakat biz haz\u0131r\u0131z.&#8221;<\/strong> dedi.<\/p>\n<p><strong>&#8220;MUSTAFA, HAALAND&#8217;A BENZ\u0130YOR&#8221;<\/strong><\/p>\n<p>Gen\u00e7 y\u0131ld\u0131z\u0131 Mustafa Erhan Hekimo\u011flu ile ilgili de konu\u015fan Norve\u00e7li hoca,\u00a0<strong>&#8220;Mustafa&#8217;y\u0131 \u00e7ok seviyorum, \u00e7ok yeterli potansiyeli var. Haaland ile \u00e7al\u0131\u015ft\u0131m. Mustafa&#8217;n\u0131n futbola olan a\u015fk\u0131 ve \u00f6\u011frenme iste\u011fi ona benziyor. Oynamas\u0131 ve daha \u00e7ok m\u00fcddet almas\u0131 laz\u0131m. Biz de bunu yapmaya \u00e7al\u0131\u015f\u0131yoruz. Ge\u00e7en hafta yeterli oynad\u0131. Milot da o ma\u00e7ta g\u00fczeldi. 10 ki\u015fi olmam\u0131za kar\u015f\u0131n ekip yeterli oynad\u0131k. 2-3 gol daha atabilirdik o ma\u00e7ta. Mustafa \u00e7ok b\u00fcy\u00fck bir yetenek. Geli\u015fimini g\u00f6r\u00fcyoruz. Potansiyeli \u00e7ok uygun. \u00c7ok \u00e7al\u0131\u015f\u0131r ve m\u00fctevazi olursa \u00e7ok d\u00fczg\u00fcn bir oyuncu olur. Umar\u0131m uygun bir performans g\u00f6sterir bug\u00fcn de.&#8221;<\/strong> s\u00f6zlerini kulland\u0131.<\/div>\n<p><\/p>\n","protected":false},"excerpt":{"rendered":"<p>Be\u015fikta\u015f Teknik Y\u00f6neticisi Ole Gunnar Solskjaer, Ba\u015fak\u015fehir ma\u00e7\u0131 \u00f6ncesi a\u00e7\u0131klamalarda  bulundu.<\/p>\n","protected":false},"author":1,"featured_media":41879,"comment_status":"open","ping_status":"open","sticky":false,"template":"","format":"standard","meta":{"footnotes":""},"categories":[25],"tags":[1130],"class_list":["post-41878","post","type-post","status-publish","format-standard","has-post-thumbnail","hentry","category-futbol","tag-mustafa"],"_links":{"self":[{"href":"https:\/\/haberbesiktas.tr\/index.php?rest_route=\/wp\/v2\/posts\/41878","targetHints":{"allow":["GET"]}}],"collection":[{"href":"https:\/\/haberbesiktas.tr\/index.php?rest_route=\/wp\/v2\/posts"}],"about":[{"href":"https:\/\/haberbesiktas.tr\/index.php?rest_route=\/wp\/v2\/types\/post"}],"author":[{"embeddable":true,"href":"https:\/\/haberbesiktas.tr\/index.php?rest_route=\/wp\/v2\/users\/1"}],"replies":[{"embeddable":true,"href":"https:\/\/haberbesiktas.tr\/index.php?rest_route=%2Fwp%2Fv2%2Fcomments&post=41878"}],"version-history":[{"count":1,"href":"https:\/\/haberbesiktas.tr\/index.php?rest_route=\/wp\/v2\/posts\/41878\/revisions"}],"predecessor-version":[{"id":41880,"href":"https:\/\/haberbesiktas.tr\/index.php?rest_route=\/wp\/v2\/posts\/41878\/revisions\/41880"}],"wp:featuredmedia":[{"embeddable":true,"href":"https:\/\/haberbesiktas.tr\/index.php?rest_route=\/wp\/v2\/media\/41879"}],"wp:attachment":[{"href":"https:\/\/haberbesiktas.tr\/index.php?rest_route=%2Fwp%2Fv2%2Fmedia&parent=41878"}],"wp:term":[{"taxonomy":"category","embeddable":true,"href":"https:\/\/haberbesiktas.tr\/index.php?rest_route=%2Fwp%2Fv2%2Fcategories&post=41878"},{"taxonomy":"post_tag","embeddable":true,"href":"https:\/\/haberbesiktas.tr\/index.php?rest_route=%2Fwp%2Fv2%2Ftags&post=41878"}],"curies":[{"name":"wp","href":"https:\/\/api.w.org\/{rel}","templated":true}]}}