{"id":41943,"date":"2025-06-26T10:48:09","date_gmt":"2025-06-26T10:48:09","guid":{"rendered":"https:\/\/haberbesiktas.tr\/?p=41943"},"modified":"2025-06-26T10:48:09","modified_gmt":"2025-06-26T10:48:09","slug":"inter-evinde-hata-yapmadi","status":"publish","type":"post","link":"https:\/\/haberbesiktas.tr\/?p=41943","title":{"rendered":"Inter, evinde hata yapmad\u0131!"},"content":{"rendered":"<div>\u0130talya Serie A&#8217;n\u0131n 32. haftas\u0131nda ba\u015fkan Inter, alan\u0131nda Cagliari ile kar\u015f\u0131 kar\u015f\u0131ya geldi. Inter, u\u011fra\u015ftan 3-1&#8217;lik galibiyetle ayr\u0131ld\u0131.<\/p>\n<p> Inter&#8217;e galibiyeti getiren golleri 13. dakikada Marko Arnautovic, 26. dakikada Lautaro Martinez ve 55. dakikada Yann Aurel Bisseck att\u0131. Cagliari&#8217;nin tek gol\u00fc 48. dakikada Roberto Piccoli&#8217;den geldi.<\/p>\n<p> Inter&#8217;de ulusal futbolcu Hakan \u00c7alhano\u011flu, 84 dakika alanda kald\u0131.<\/p>\n<p> Bu sonucun ard\u0131ndan Inter, ligde 71 puana y\u00fckseldi. Cagliari, 30 puanda kald\u0131.<\/p>\n<p> Ligin gelecek haftas\u0131nda Inter, Bologna deplasman\u0131na gidecek. Cagliari, meskeninde Fiorentina ile kar\u015f\u0131 kar\u015f\u0131ya gelecek.<\/p>\n<\/div>\n<p><\/p>\n","protected":false},"excerpt":{"rendered":"<p>\u0130talya Serie A&#8217;da ba\u015fkan Inter, alan\u0131nda Cagliari&#8217;yi 3-1 ma\u011flup etti.<\/p>\n","protected":false},"author":1,"featured_media":41944,"comment_status":"open","ping_status":"open","sticky":false,"template":"","format":"standard","meta":{"footnotes":""},"categories":[25],"tags":[109],"class_list":["post-41943","post","type-post","status-publish","format-standard","has-post-thumbnail","hentry","category-futbol","tag-dakika"],"_links":{"self":[{"href":"https:\/\/haberbesiktas.tr\/index.php?rest_route=\/wp\/v2\/posts\/41943","targetHints":{"allow":["GET"]}}],"collection":[{"href":"https:\/\/haberbesiktas.tr\/index.php?rest_route=\/wp\/v2\/posts"}],"about":[{"href":"https:\/\/haberbesiktas.tr\/index.php?rest_route=\/wp\/v2\/types\/post"}],"author":[{"embeddable":true,"href":"https:\/\/haberbesiktas.tr\/index.php?rest_route=\/wp\/v2\/users\/1"}],"replies":[{"embeddable":true,"href":"https:\/\/haberbesiktas.tr\/index.php?rest_route=%2Fwp%2Fv2%2Fcomments&post=41943"}],"version-history":[{"count":1,"href":"https:\/\/haberbesiktas.tr\/index.php?rest_route=\/wp\/v2\/posts\/41943\/revisions"}],"predecessor-version":[{"id":41945,"href":"https:\/\/haberbesiktas.tr\/index.php?rest_route=\/wp\/v2\/posts\/41943\/revisions\/41945"}],"wp:featuredmedia":[{"embeddable":true,"href":"https:\/\/haberbesiktas.tr\/index.php?rest_route=\/wp\/v2\/media\/41944"}],"wp:attachment":[{"href":"https:\/\/haberbesiktas.tr\/index.php?rest_route=%2Fwp%2Fv2%2Fmedia&parent=41943"}],"wp:term":[{"taxonomy":"category","embeddable":true,"href":"https:\/\/haberbesiktas.tr\/index.php?rest_route=%2Fwp%2Fv2%2Fcategories&post=41943"},{"taxonomy":"post_tag","embeddable":true,"href":"https:\/\/haberbesiktas.tr\/index.php?rest_route=%2Fwp%2Fv2%2Ftags&post=41943"}],"curies":[{"name":"wp","href":"https:\/\/api.w.org\/{rel}","templated":true}]}}