{"id":41987,"date":"2025-06-26T13:36:11","date_gmt":"2025-06-26T13:36:11","guid":{"rendered":"https:\/\/haberbesiktas.tr\/?p=41987"},"modified":"2025-06-26T13:36:11","modified_gmt":"2025-06-26T13:36:11","slug":"cagdas-atan-hedefimiz-avrupaya-gitmek","status":"publish","type":"post","link":"https:\/\/haberbesiktas.tr\/?p=41987","title":{"rendered":"\u00c7a\u011fda\u015f Atan: &#8220;Hedefimiz Avrupa&#8217;ya gitmek&#8221;"},"content":{"rendered":"<div>RAMS Ba\u015fak\u015fehir, Trendyol \u00dcst\u00fcn Lig&#8217;in 31. haftas\u0131nda konuk oldu\u011fu Be\u015fikta\u015f&#8217;\u0131 2-0 ma\u011flup etti.<\/p>\n<p> Ba\u015fak\u015fehir Teknik Y\u00f6neticisi \u00c7a\u011fda\u015f Atan, ma\u00e7\u0131n akabinde a\u00e7\u0131klamalarda bulundu.<\/p>\n<p> \u00c7abay\u0131 pahaland\u0131ran \u00c7a\u011fda\u015f Atan,<strong> &#8220;Oyuncular\u0131m\u0131 tebrik ederek ba\u015flamak istiyorum. Yapt\u0131\u011f\u0131m\u0131z tahlilde, g\u00f6sterdi\u011fimiz opsiyonlar, \u00e7al\u0131\u015ft\u0131\u011f\u0131m\u0131z taktikleri bunlar\u0131n bir\u00e7oklar\u0131n\u0131 yapt\u0131 oyuncular\u0131m\u0131z.&#8221;<\/strong> dedi.<\/p>\n<p> A\u00e7\u0131klamalar\u0131na devam eden Atan,<strong> &#8220;Bence ma\u00e7\u0131n 90 dakikal\u0131k k\u0131sm\u0131n\u0131n 70-75 dakikas\u0131n\u0131 en d\u00fczg\u00fcn formda oynad\u0131k. Biraz daha topa sahip olabilirdik. Oyuncular\u0131m\u0131 tebrik ediyorum. Muazzama yak\u0131n oynad\u0131lar. Bizim haftalar\u0131m\u0131z demi\u015ftim. Biz asl\u0131nda buraya gecikmeli geldik. Avrupa ma\u00e7lar\u0131, sakatlar, transferler&#8230; \u015eu anda bir sistemin i\u00e7erisine girdik lakin ayaklar\u0131m\u0131z yere sa\u011flam bas\u0131yor. Bundan sonra \u00f6n\u00fcm\u00fcze galibiyetlerle devam etmek istiyoruz. \u00c7ok b\u00fcy\u00fck bir ad\u0131m att\u0131k. Bunu manaland\u0131rmak i\u00e7in \u00f6n\u00fcm\u00fczdeki ma\u00e7lar\u0131 da kazanmak istiyoruz. 3 hafta evvel bir isyan ba\u015flatm\u0131\u015ft\u0131k. Oyuncular\u0131m bunu alanda g\u00f6sterdi, ard\u0131nda duruyorlar bu isyan\u0131n. Bunu devam etmeliyiz. 8 ma\u00e7\u0131m\u0131z var. Bu t\u00fcrl\u00fc devam etmemiz gerekiyor. Bu Ba\u015fak\u015fehir&#8217;in rutini. Bu t\u00fcrl\u00fc devam etmeliyiz.&#8221;<\/strong> tabirlerini kulland\u0131.<\/p>\n<p> Gayelerini Avrupa oldu\u011funu s\u00f6yleyen tecr\u00fcbeli \u00e7al\u0131\u015ft\u0131r\u0131c\u0131, <strong>&#8220;Hedefimiz belirli, bir bi\u00e7imde o s\u0131ralamay\u0131 al\u0131p Avrupa&#8217;ya gitmek. Birinci 4&#8217;e gidip Avrupa&#8217;ya gidersek ola\u011fan\u00fcst\u00fc bir d\u00f6nem ge\u00e7irmi\u015f olaca\u011f\u0131z.&#8221;<\/strong> kelamlar\u0131n\u0131 sarf etti.<\/p>\n<p> Be\u015fikta\u015f&#8217;\u0131n hocas\u0131 Ole Gunnar Solskjaer hakk\u0131nda da konu\u015fan Atan, <strong>&#8220;Ole Gunnar Solskjaer, \u00e7ok beyefendi bir adam. Birinci kere tan\u0131\u015ft\u0131m, denilen kadar varm\u0131\u015f. Bu lige renk ve uzun vakittir g\u00f6remedi\u011fimiz sayg\u0131y\u0131 getirdi.&#8221;<\/strong> a\u00e7\u0131klamas\u0131nda bulundu.<\/p>\n<\/div>\n<p><\/p>\n","protected":false},"excerpt":{"rendered":"<p>Deplasmanda Be\u015fikta\u015f&#8217;\u0131 2-0 yenen Ba\u015fah\u015fehir&#8217;de teknik y\u00f6netici \u00c7a\u011fda\u015f Atan, ma\u00e7\u0131n akabinde a\u00e7\u0131klamalarda bulundu.<\/p>\n","protected":false},"author":1,"featured_media":41988,"comment_status":"open","ping_status":"open","sticky":false,"template":"","format":"standard","meta":{"footnotes":""},"categories":[25],"tags":[],"class_list":["post-41987","post","type-post","status-publish","format-standard","has-post-thumbnail","hentry","category-futbol"],"_links":{"self":[{"href":"https:\/\/haberbesiktas.tr\/index.php?rest_route=\/wp\/v2\/posts\/41987","targetHints":{"allow":["GET"]}}],"collection":[{"href":"https:\/\/haberbesiktas.tr\/index.php?rest_route=\/wp\/v2\/posts"}],"about":[{"href":"https:\/\/haberbesiktas.tr\/index.php?rest_route=\/wp\/v2\/types\/post"}],"author":[{"embeddable":true,"href":"https:\/\/haberbesiktas.tr\/index.php?rest_route=\/wp\/v2\/users\/1"}],"replies":[{"embeddable":true,"href":"https:\/\/haberbesiktas.tr\/index.php?rest_route=%2Fwp%2Fv2%2Fcomments&post=41987"}],"version-history":[{"count":1,"href":"https:\/\/haberbesiktas.tr\/index.php?rest_route=\/wp\/v2\/posts\/41987\/revisions"}],"predecessor-version":[{"id":41989,"href":"https:\/\/haberbesiktas.tr\/index.php?rest_route=\/wp\/v2\/posts\/41987\/revisions\/41989"}],"wp:featuredmedia":[{"embeddable":true,"href":"https:\/\/haberbesiktas.tr\/index.php?rest_route=\/wp\/v2\/media\/41988"}],"wp:attachment":[{"href":"https:\/\/haberbesiktas.tr\/index.php?rest_route=%2Fwp%2Fv2%2Fmedia&parent=41987"}],"wp:term":[{"taxonomy":"category","embeddable":true,"href":"https:\/\/haberbesiktas.tr\/index.php?rest_route=%2Fwp%2Fv2%2Fcategories&post=41987"},{"taxonomy":"post_tag","embeddable":true,"href":"https:\/\/haberbesiktas.tr\/index.php?rest_route=%2Fwp%2Fv2%2Ftags&post=41987"}],"curies":[{"name":"wp","href":"https:\/\/api.w.org\/{rel}","templated":true}]}}