{"id":4201,"date":"2025-01-17T13:12:00","date_gmt":"2025-01-17T13:12:00","guid":{"rendered":"https:\/\/haberbesiktas.tr\/?p=4201"},"modified":"2025-01-17T13:12:00","modified_gmt":"2025-01-17T13:12:00","slug":"galatasaray-ile-fenerbahcenin-transferi-icin-kapistigi-mert-hakan-yandasa-sok","status":"publish","type":"post","link":"https:\/\/haberbesiktas.tr\/?p=4201","title":{"rendered":"Galatasaray ile Fenerbah\u00e7e&#8217;nin transferi i\u00e7in kap\u0131\u015ft\u0131\u011f\u0131 Mert Hakan Yanda\u015f&#8217;a \u015fok!"},"content":{"rendered":"<p>Yeni sezonda\u00a0Fenerbah\u00e7e\u00a0ile anla\u015fan ve\u00a0transfer\u00a0d\u00f6neminin de en \u00e7ok konu\u015fulan isimlerinden biri olan\u00a0Mert Hakan Yanda\u015f&#8217;a toplumsal medya \u015foku&#8230; 25 ya\u015f\u0131ndaki y\u0131ld\u0131z oyuncunun Instagram hesab\u0131 \u00e7al\u0131nd\u0131.<\/p>\n<p><span>Sivasspor&#8217;un y\u0131ld\u0131z\u0131 ve transferin en \u00e7ok konu\u015fulan ismi Mert Hakan Yanda\u015f beklenmedik bir \u015fok ya\u015fad\u0131. \u00dcnl\u00fc futbolcunun toplumsal medya hesab\u0131 Instagram adresi \u00e7al\u0131nd\u0131. Mert Hakan Yanda\u015f ge\u00e7ti\u011fimiz hafta reaksiyonlar sebebiyle Twitter hesab\u0131n\u0131 kapatm\u0131\u015ft\u0131.<\/span><br \/> \u00d6te yandan Mert Hakan&#8217;\u0131n Fenerbah\u00e7e ma\u00e7\u0131 \u00f6ncesinde tak\u0131m d\u0131\u015f\u0131 kald\u0131\u011f\u0131 arg\u00fcman edilse de bu bilgi kul\u00fcp kaynaklar\u0131nca do\u011frulanmad\u0131. 1994 do\u011fumlu futbolcunun Btc T\u00fcrk Malatyaspor ma\u00e7 tak\u0131m\u0131nda oldu\u011fu belirtildi.<\/p>\n","protected":false},"excerpt":{"rendered":"<p>Galatasaray ile Fenerbah\u00e7e&#8217;nin transferi i\u00e7in b\u00fcy\u00fck u\u011fra\u015f sarf etti\u011fi ve sar\u0131 lacivertlilerin prensip mutabakat\u0131na vard\u0131\u011f\u0131 Mert Hakan Yanda\u015f&#8217;a toplumsal medya \u015foku. Sivasspor&#8217;un y\u0131ld\u0131z isminin hesab\u0131 \u00e7al\u0131nd\u0131.<\/p>\n","protected":false},"author":1,"featured_media":4202,"comment_status":"open","ping_status":"open","sticky":false,"template":"","format":"standard","meta":{"footnotes":""},"categories":[27],"tags":[],"class_list":["post-4201","post","type-post","status-publish","format-standard","has-post-thumbnail","hentry","category-guncel-haberler"],"_links":{"self":[{"href":"https:\/\/haberbesiktas.tr\/index.php?rest_route=\/wp\/v2\/posts\/4201","targetHints":{"allow":["GET"]}}],"collection":[{"href":"https:\/\/haberbesiktas.tr\/index.php?rest_route=\/wp\/v2\/posts"}],"about":[{"href":"https:\/\/haberbesiktas.tr\/index.php?rest_route=\/wp\/v2\/types\/post"}],"author":[{"embeddable":true,"href":"https:\/\/haberbesiktas.tr\/index.php?rest_route=\/wp\/v2\/users\/1"}],"replies":[{"embeddable":true,"href":"https:\/\/haberbesiktas.tr\/index.php?rest_route=%2Fwp%2Fv2%2Fcomments&post=4201"}],"version-history":[{"count":1,"href":"https:\/\/haberbesiktas.tr\/index.php?rest_route=\/wp\/v2\/posts\/4201\/revisions"}],"predecessor-version":[{"id":4203,"href":"https:\/\/haberbesiktas.tr\/index.php?rest_route=\/wp\/v2\/posts\/4201\/revisions\/4203"}],"wp:featuredmedia":[{"embeddable":true,"href":"https:\/\/haberbesiktas.tr\/index.php?rest_route=\/wp\/v2\/media\/4202"}],"wp:attachment":[{"href":"https:\/\/haberbesiktas.tr\/index.php?rest_route=%2Fwp%2Fv2%2Fmedia&parent=4201"}],"wp:term":[{"taxonomy":"category","embeddable":true,"href":"https:\/\/haberbesiktas.tr\/index.php?rest_route=%2Fwp%2Fv2%2Fcategories&post=4201"},{"taxonomy":"post_tag","embeddable":true,"href":"https:\/\/haberbesiktas.tr\/index.php?rest_route=%2Fwp%2Fv2%2Ftags&post=4201"}],"curies":[{"name":"wp","href":"https:\/\/api.w.org\/{rel}","templated":true}]}}