{"id":42027,"date":"2025-06-26T19:12:16","date_gmt":"2025-06-26T19:12:16","guid":{"rendered":"https:\/\/haberbesiktas.tr\/?p=42027"},"modified":"2025-06-26T19:12:16","modified_gmt":"2025-06-26T19:12:16","slug":"barcelonaya-leganes-macinda-tek-gol-yetti","status":"publish","type":"post","link":"https:\/\/haberbesiktas.tr\/?p=42027","title":{"rendered":"Barcelona&#8217;ya Leganes ma\u00e7\u0131nda tek gol yetti!"},"content":{"rendered":"<div>\u0130spanya La Liga&#8217;n\u0131n 31. haftas\u0131nda Barcelona, Leganes deplasman\u0131na konuk oldu. Barcelona, gayretten 1-0&#8217;l\u0131k galibiyetle ayr\u0131ld\u0131.<\/p>\n<p> Barcelona&#8217;ya galibiyeti getiren gol\u00fc 48. dakikada Jorge Saenz kendi kalesine att\u0131.<\/p>\n<p> Bu sonucun ard\u0131ndan Barcelona, ligde bir hafta ortadan sonra kazand\u0131 ve 70 puana y\u00fckseldi. Leganes, 28 puanda kald\u0131.<\/p>\n<p> La Liga&#8217;n\u0131n bir sonraki haftas\u0131nda Barcelona, konutunda Celta Vigo ile kar\u015f\u0131la\u015facak. Leganes, Mallorca deplasman\u0131na gidecek.<\/p>\n<p> Hansi Flick&#8217;in grubu Barcelona, hafta i\u00e7inde sal\u0131 g\u00fcn\u00fc Borussia Dortmund deplasman\u0131nda \u015eampiyonlar Ligi \u00e7eyrek final r\u00f6van\u015f ma\u00e7\u0131na \u00e7\u0131kacak. Barcelona, alan\u0131nda oynad\u0131\u011f\u0131 ma\u00e7tan 4-0&#8217;l\u0131k galibiyetle ayr\u0131lm\u0131\u015ft\u0131.<\/p>\n<\/div>\n<p><\/p>\n","protected":false},"excerpt":{"rendered":"<p>\u0130spanya La Liga&#8217;da Barcelona, Leganes&#8217;i deplasmanda 1-0 ma\u011flup etti.<\/p>\n","protected":false},"author":1,"featured_media":42028,"comment_status":"open","ping_status":"open","sticky":false,"template":"","format":"standard","meta":{"footnotes":""},"categories":[25],"tags":[307],"class_list":["post-42027","post","type-post","status-publish","format-standard","has-post-thumbnail","hentry","category-futbol","tag-barcelona"],"_links":{"self":[{"href":"https:\/\/haberbesiktas.tr\/index.php?rest_route=\/wp\/v2\/posts\/42027","targetHints":{"allow":["GET"]}}],"collection":[{"href":"https:\/\/haberbesiktas.tr\/index.php?rest_route=\/wp\/v2\/posts"}],"about":[{"href":"https:\/\/haberbesiktas.tr\/index.php?rest_route=\/wp\/v2\/types\/post"}],"author":[{"embeddable":true,"href":"https:\/\/haberbesiktas.tr\/index.php?rest_route=\/wp\/v2\/users\/1"}],"replies":[{"embeddable":true,"href":"https:\/\/haberbesiktas.tr\/index.php?rest_route=%2Fwp%2Fv2%2Fcomments&post=42027"}],"version-history":[{"count":1,"href":"https:\/\/haberbesiktas.tr\/index.php?rest_route=\/wp\/v2\/posts\/42027\/revisions"}],"predecessor-version":[{"id":42029,"href":"https:\/\/haberbesiktas.tr\/index.php?rest_route=\/wp\/v2\/posts\/42027\/revisions\/42029"}],"wp:featuredmedia":[{"embeddable":true,"href":"https:\/\/haberbesiktas.tr\/index.php?rest_route=\/wp\/v2\/media\/42028"}],"wp:attachment":[{"href":"https:\/\/haberbesiktas.tr\/index.php?rest_route=%2Fwp%2Fv2%2Fmedia&parent=42027"}],"wp:term":[{"taxonomy":"category","embeddable":true,"href":"https:\/\/haberbesiktas.tr\/index.php?rest_route=%2Fwp%2Fv2%2Fcategories&post=42027"},{"taxonomy":"post_tag","embeddable":true,"href":"https:\/\/haberbesiktas.tr\/index.php?rest_route=%2Fwp%2Fv2%2Ftags&post=42027"}],"curies":[{"name":"wp","href":"https:\/\/api.w.org\/{rel}","templated":true}]}}