{"id":42033,"date":"2025-06-26T19:36:17","date_gmt":"2025-06-26T19:36:17","guid":{"rendered":"https:\/\/haberbesiktas.tr\/?p=42033"},"modified":"2025-06-26T19:36:17","modified_gmt":"2025-06-26T19:36:17","slug":"servet-cetin-play-off-bizim-hakkimiz","status":"publish","type":"post","link":"https:\/\/haberbesiktas.tr\/?p=42033","title":{"rendered":"Servet \u00c7etin: &#8220;Play-off bizim hakk\u0131m\u0131z&#8221;"},"content":{"rendered":"<div>Trendyol 1. Lig&#8217;in 34. haftas\u0131nda konuk oldu\u011fu \u015eanl\u0131urfaspor&#8217;u 1-0 yenen Amed Sportif&#8217;de teknik y\u00f6netici Servet \u00c7etin, a\u00e7\u0131klamalarda bulundu.\u00a0 <br \/>Amed Sportif Faaliyetler Teknik Y\u00f6neticisi Servet \u00c7etin, nerede oynarlarsa oynas\u0131nlar b\u00fct\u00fcn rakiplerinin kendilerine kar\u015f\u0131 \u00e7ok farkl\u0131 \u00e7aba ortaya koydu\u011funu s\u00f6yledi.<\/p>\n<p> Oyuncular\u0131n\u0131n t\u00fcm istediklerini alanda uygulad\u0131\u011f\u0131n\u0131 aktaran \u00c7etin, <strong>&#8220;Yendi\u011fim vakit da t\u0131pk\u0131 \u015feyleri s\u00f6yl\u00fcyorum, kaybetti\u011fim vakit da birebir \u015feyleri s\u00f6yl\u00fcyorum zira ger\u00e7ek bir tane. Biz oyun oynayan bir grubuz. Bug\u00fcn de g\u00f6rd\u00fcn\u00fcz. Yeniden harikulade bir oyun var, top hakimiyeti bizde, rakip ceza alan\u0131na 35 tane top getirmi\u015fiz, bu t\u00fcrl\u00fc bir istatistik olamaz. Bir tane duran topla golle ayr\u0131l\u0131yoruz. Maalesef d\u00f6nem sonuna kadar da bu t\u00fcrl\u00fc gidecek. Biz \u00e7ok fazla konuma nazaran \u00e7ok fazla net gol durumlar\u0131 ka\u00e7\u0131yoruz, maalesef marifet manas\u0131nda kahr\u0131m\u0131z var. Geldi\u011fimiz g\u00fcnden beri t\u0131pk\u0131. Oyuncular\u0131m\u0131 su\u00e7lamak i\u00e7in s\u00f6ylemiyorum lakin kalenin i\u00e7ine sokma i\u015fini beceremiyoruz maalesef.&#8221;<\/strong> diye konu\u015ftu.<\/p>\n<p> \u00c7etin, kendilerinin \u00e2l\u00e2 olmas\u0131n\u0131 istemeyen bireylerin oldu\u011funu ve Amedspor&#8217;un bir tane oldu\u011funu belirterek, herkesin gruba sahip \u00e7\u0131kmas\u0131n\u0131 istedi.<\/p>\n<p> Play-off&#8217;a gitmek istediklerini aktaran \u00c7etin, <strong>&#8220;Bizi k\u0131rmaya \u00e7al\u0131\u015f\u0131yorlar, k\u0131r\u0131lmayaca\u011f\u0131z. Bu grup zati ba\u015far\u0131l\u0131 olmu\u015ftur. Geldi\u011fimiz pozisyondan ve oynad\u0131\u011f\u0131m\u0131z oyundan esasen ba\u015far\u0131l\u0131y\u0131z. Lakin in\u015fallah play-off&#8217;a gideriz. \u00c7ocuklar bunu hak ediyor. Hakikaten oynad\u0131\u011f\u0131m\u0131z oyundan bunu hak ediyoruz.&#8221;<\/strong> tabirlerini kulland\u0131.<\/p>\n<p> \u00c7etin, deplasmanda taraftar yasa\u011f\u0131yla oynad\u0131klar\u0131n\u0131 belirterek, m\u00fcsabaka sonunda bir i\u015f\u00e7inin ata\u011fa u\u011frad\u0131\u011f\u0131n\u0131 ve bu olay nedeniyle \u00fcz\u00fcld\u00fcklerini s\u00f6yledi.<\/p>\n<\/div>\n<p><\/p>\n","protected":false},"excerpt":{"rendered":"<p>Amed Sportif Faaliyetler Teknik Y\u00f6neticisi Servet \u00c7etin, galibiyetin akabinde a\u00e7\u0131klamalarda bulundu.<\/p>\n","protected":false},"author":1,"featured_media":42034,"comment_status":"open","ping_status":"open","sticky":false,"template":"","format":"standard","meta":{"footnotes":""},"categories":[25],"tags":[918,43],"class_list":["post-42033","post","type-post","status-publish","format-standard","has-post-thumbnail","hentry","category-futbol","tag-cetin","tag-oyun"],"_links":{"self":[{"href":"https:\/\/haberbesiktas.tr\/index.php?rest_route=\/wp\/v2\/posts\/42033","targetHints":{"allow":["GET"]}}],"collection":[{"href":"https:\/\/haberbesiktas.tr\/index.php?rest_route=\/wp\/v2\/posts"}],"about":[{"href":"https:\/\/haberbesiktas.tr\/index.php?rest_route=\/wp\/v2\/types\/post"}],"author":[{"embeddable":true,"href":"https:\/\/haberbesiktas.tr\/index.php?rest_route=\/wp\/v2\/users\/1"}],"replies":[{"embeddable":true,"href":"https:\/\/haberbesiktas.tr\/index.php?rest_route=%2Fwp%2Fv2%2Fcomments&post=42033"}],"version-history":[{"count":1,"href":"https:\/\/haberbesiktas.tr\/index.php?rest_route=\/wp\/v2\/posts\/42033\/revisions"}],"predecessor-version":[{"id":42035,"href":"https:\/\/haberbesiktas.tr\/index.php?rest_route=\/wp\/v2\/posts\/42033\/revisions\/42035"}],"wp:featuredmedia":[{"embeddable":true,"href":"https:\/\/haberbesiktas.tr\/index.php?rest_route=\/wp\/v2\/media\/42034"}],"wp:attachment":[{"href":"https:\/\/haberbesiktas.tr\/index.php?rest_route=%2Fwp%2Fv2%2Fmedia&parent=42033"}],"wp:term":[{"taxonomy":"category","embeddable":true,"href":"https:\/\/haberbesiktas.tr\/index.php?rest_route=%2Fwp%2Fv2%2Fcategories&post=42033"},{"taxonomy":"post_tag","embeddable":true,"href":"https:\/\/haberbesiktas.tr\/index.php?rest_route=%2Fwp%2Fv2%2Ftags&post=42033"}],"curies":[{"name":"wp","href":"https:\/\/api.w.org\/{rel}","templated":true}]}}