{"id":42036,"date":"2025-06-26T19:48:20","date_gmt":"2025-06-26T19:48:20","guid":{"rendered":"https:\/\/haberbesiktas.tr\/?p=42036"},"modified":"2025-06-26T19:48:20","modified_gmt":"2025-06-26T19:48:20","slug":"sivasspor-fenerbahce-muhtemel-11ler","status":"publish","type":"post","link":"https:\/\/haberbesiktas.tr\/?p=42036","title":{"rendered":"Sivasspor &#8211; Fenerbah\u00e7e: Muhtemel 11&#8217;ler"},"content":{"rendered":"<div>Fenerbah\u00e7e, Trendyol Muhte\u015fem Lig&#8217;in 31. haftas\u0131nda Net K\u00fcresel Sivasspor ile deplasmanda kar\u015f\u0131la\u015facak.<\/p>\n<p> BG K\u00fcme 4 Eyl\u00fcl Stad\u0131&#8217;nda oynanacak ma\u00e7, saat 19.00&#8217;da ba\u015flayacak. \u00c7aba, beIN Sports 1 ekranlar\u0131ndan<\/p>\n<p> Kar\u015f\u0131la\u015fmay\u0131 Yasin Kol y\u00f6netecek. Ceyhun Sesig\u00fczel ve Bahtiyar Birinci, m\u00fcsabakada yard\u0131mc\u0131 hakem olarak g\u00f6rev yapacak.<\/p>\n<p> Ligde \u00e7\u0131kt\u0131\u011f\u0131 28 u\u011fra\u015fta 21 galibiyet, 5 beraberlik ve 2 ma\u011flubiyet ya\u015fayan Fenerbah\u00e7e, 68 puanla ikinci s\u0131rada bulunuyor.<\/p>\n<p> Ligin birinci yar\u0131s\u0131nda Be\u015fikta\u015f deplasman\u0131nda 1-0 ma\u011flup olan sar\u0131-lacivertli ekip, o tarihten sonra \u00e7\u0131kt\u0131\u011f\u0131 14 lig ma\u00e7\u0131nda ma\u011flubiyet ya\u015famad\u0131. Jose Mourinho&#8217;nun grubu, 11 galibiyet al\u0131rken 3 ma\u00e7tan da beraberlikle ayr\u0131ld\u0131.<\/p>\n<p><strong>MUHTEMEL 11&#8217;LER<\/strong><\/p>\n<p> <strong>Sivasspor:<\/strong> Ali \u015ea\u015fal, Murat, Radakovic, Sonko, U\u011fur, Moutoussamy, Bekir, Charisis, Efkan, Rodrigues, Manaj<\/p>\n<p> <strong>Fenerbah\u00e7e:<\/strong> Livakovic, Osayi, Skriniar, \u00c7a\u011flar, Kostic, Fred, Szymanski, O\u011fuz, Talisca, Maximin, Dzeko<\/p>\n<p><img decoding=\"async\" src=\"https:\/\/haberbesiktas.tr\/wp-content\/uploads\/2025\/06\/sivasspor-fenerbahce-muhtemel-11ler-0-HubrIJkZ.jpg\"\/><\/p>\n<p> <strong>FENERBAH\u00c7E&#8217;DE EKS\u0130KLER<\/strong><\/p>\n<p> Sar\u0131-lacivertli ekipte Sofyan Amrabat ve Mert Hakan Yanda\u015f, sakatl\u0131klar\u0131 sebebiyle kamp tak\u0131m\u0131na al\u0131nmad\u0131. Grip olan \u0130rfan Can E\u011fribayat da tak\u0131mda bulunmazken,Diego Carlos da teknik heyet tercihi nedeniyle kafileye dahil edilmedi.<\/p>\n<p> <strong>S\u0130VASSPOR&#8217;DA EKS\u0130KLER<\/strong><\/p>\n<p> Sivasspor&#8217;da sakatl\u0131klar\u0131 bulunan Emrah Ba\u015fsan, Fode Koita ile kaleci Djordje Nikolic, Fenerbah\u00e7e kar\u015f\u0131s\u0131nda forma giyemeyecek.<\/p>\n<p> <strong>4 OYUNCU SARI KART SINIRINDA<\/strong><\/p>\n<p> Fenerbah\u00e7e&#8217;de Sivasspor ma\u00e7\u0131 \u00f6ncesinde 6 isim kart ceza hududunda.<\/p>\n<p> Sar\u0131-lacivertli ekipte 3&#8217;er sar\u0131 kart\u0131 bulunan Filip Kostic, Allan Saint-Maximin, \u00c7a\u011flar S\u00f6y\u00fcnc\u00fc ve \u0130rfan Can Kahveci, kar\u015f\u0131la\u015fmada kart g\u00f6rmeleri halinde i\u00e7 alandaki Bellona Kayserispor gayretinde forma giyemeyecek.<\/p>\n<p> <strong>FENERBAH\u00c7E SEY\u0130RC\u0130S\u0130, GRUBUNU YALNIZ BIRAKACAK<\/strong><\/p>\n<p> Sivas deplasman\u0131nda Fenerbah\u00e7e taraftar\u0131, cezas\u0131 sebebiyle trib\u00fcndeki yerini alamayacak.<\/p>\n<p> Sar\u0131-lacivertliler, bir evvelki deplasman ma\u00e7\u0131 olan Sipay Bodrum FK gayretinde de ceza nedeniyle ekiplerini yaln\u0131z b\u0131rakm\u0131\u015ft\u0131.<\/p>\n<p> <strong>L\u0130GDE 38. RANDEVU<\/strong><\/p>\n<p> Fenerbah\u00e7e ile Net K\u00fcresel Sivasspor, bu ma\u00e7la Trendyol S\u00fcper Lig&#8217;de 38. sefer kar\u015f\u0131 kar\u015f\u0131ya gelecek.<\/p>\n<p> Sivasspor&#8217;un Harika Lig&#8217;e y\u00fckseldi\u011fi 2005-2006 d\u00f6neminden itibaren iki grup ortas\u0131nda oynanan 37 kar\u015f\u0131la\u015fmadan 21&#8217;ini Fenerbah\u00e7e, 7&#8217;sini Sivasspor kazand\u0131, 9 \u00e7aba ise berabere sonu\u00e7land\u0131.<\/p>\n<p> Bu ma\u00e7larda Fenerbah\u00e7e&#8217;nin 81 gol\u00fcne, Sivasspor 47 golle kar\u015f\u0131l\u0131k verdi.<\/p>\n<p> \u0130ki grup ortas\u0131nda ligin birinci yar\u0131s\u0131nda \u0130stanbul&#8217;da oynanan ma\u00e7\u0131 Fenerbah\u00e7e 4-0 kazanm\u0131\u015ft\u0131.<\/p>\n<p> <strong>S\u0130VAS&#8217;TAK\u0130 MA\u00c7LAR<\/strong><\/p>\n<p> Fenerbah\u00e7e&#8217;nin, deplasmanda Sivasspor ile yapt\u0131\u011f\u0131 lig ma\u00e7lar\u0131nda \u00fcst\u00fcnl\u00fc\u011f\u00fc bulunuyor.<\/p>\n<p> \u0130ki grup ortas\u0131nda Sivas&#8217;ta oynanan 18 ma\u00e7\u0131n 7&#8217;sini sar\u0131-lacivertli tak\u0131m, 4&#8217;\u00fcn\u00fc ise mesken sahibi kadro kazan\u0131rken, 7 kar\u015f\u0131la\u015fma berabere sonu\u00e7land\u0131.<\/p>\n<p> Fenerbah\u00e7e, kelam konusu kar\u015f\u0131la\u015fmalarda 32 gol atarken, kalesinde 27 gol g\u00f6rd\u00fc.<\/p>\n<p> Sivas&#8217;ta oynanan son lig ma\u00e7\u0131nda iki grup, ge\u00e7en d\u00f6nem 2-2 berabere kald\u0131.<\/p>\n<p> <strong>FARKLI SKORLAR<\/strong><\/p>\n<p> Fenerbah\u00e7e, Sivasspor kar\u015f\u0131s\u0131nda en farkl\u0131 skorlu galibiyetini 2009-2010 d\u00f6neminde deplasmanda 5-1&#8217;lik sonu\u00e7la, bu d\u00f6nemin birinci yar\u0131s\u0131nda da alan\u0131nda 4-0&#8217;l\u0131k skorla ald\u0131.<\/p>\n<p> Sivasspor ise 2011-2012 ve 2013-2014 d\u00f6nemlerinde alan\u0131ndaki ma\u00e7lardan 2-0 galip ayr\u0131ld\u0131. K\u0131rm\u0131z\u0131-beyazl\u0131 ekip, ayr\u0131yeten 2019-2020&#8217;de konutunda Fenerbah\u00e7e&#8217;yi 3-1 ma\u011flup etti.<\/p>\n<p> \u00d6te yandan, 2010-2011 d\u00f6neminin son ma\u00e7\u0131nda Fenerbah\u00e7e&#8217;nin deplasmanda 4-3 galip gelerek \u015fampiyonlu\u011funu ilan etti\u011fi ve 2013-2014 d\u00f6neminin birinci yar\u0131s\u0131nda \u0130stanbul&#8217;da sar\u0131-lacivertlilerin 5-2 kazand\u0131\u011f\u0131 m\u00fcsabakalarda at\u0131lan 7&#8217;\u015fer gol, iki kadro ortas\u0131ndaki en goll\u00fc kar\u015f\u0131la\u015fmalar olarak kay\u0131tlara ge\u00e7ti.<\/p>\n<\/div>\n<p><\/p>\n","protected":false},"excerpt":{"rendered":"<p>Fenerbah\u00e7e, Trendyol Muhte\u015fem Lig&#8217;in 31. haftas\u0131nda Net K\u00fcresel Sivasspor&#8217;a konuk olacak.<\/p>\n","protected":false},"author":1,"featured_media":42037,"comment_status":"open","ping_status":"open","sticky":false,"template":"","format":"standard","meta":{"footnotes":""},"categories":[25],"tags":[115,51,57,151,52],"class_list":["post-42036","post","type-post","status-publish","format-standard","has-post-thumbnail","hentry","category-futbol","tag-fenerbahce","tag-lig","tag-sezon","tag-sivasspor","tag-takim"],"_links":{"self":[{"href":"https:\/\/haberbesiktas.tr\/index.php?rest_route=\/wp\/v2\/posts\/42036","targetHints":{"allow":["GET"]}}],"collection":[{"href":"https:\/\/haberbesiktas.tr\/index.php?rest_route=\/wp\/v2\/posts"}],"about":[{"href":"https:\/\/haberbesiktas.tr\/index.php?rest_route=\/wp\/v2\/types\/post"}],"author":[{"embeddable":true,"href":"https:\/\/haberbesiktas.tr\/index.php?rest_route=\/wp\/v2\/users\/1"}],"replies":[{"embeddable":true,"href":"https:\/\/haberbesiktas.tr\/index.php?rest_route=%2Fwp%2Fv2%2Fcomments&post=42036"}],"version-history":[{"count":1,"href":"https:\/\/haberbesiktas.tr\/index.php?rest_route=\/wp\/v2\/posts\/42036\/revisions"}],"predecessor-version":[{"id":42039,"href":"https:\/\/haberbesiktas.tr\/index.php?rest_route=\/wp\/v2\/posts\/42036\/revisions\/42039"}],"wp:featuredmedia":[{"embeddable":true,"href":"https:\/\/haberbesiktas.tr\/index.php?rest_route=\/wp\/v2\/media\/42037"}],"wp:attachment":[{"href":"https:\/\/haberbesiktas.tr\/index.php?rest_route=%2Fwp%2Fv2%2Fmedia&parent=42036"}],"wp:term":[{"taxonomy":"category","embeddable":true,"href":"https:\/\/haberbesiktas.tr\/index.php?rest_route=%2Fwp%2Fv2%2Fcategories&post=42036"},{"taxonomy":"post_tag","embeddable":true,"href":"https:\/\/haberbesiktas.tr\/index.php?rest_route=%2Fwp%2Fv2%2Ftags&post=42036"}],"curies":[{"name":"wp","href":"https:\/\/api.w.org\/{rel}","templated":true}]}}