{"id":4204,"date":"2025-01-17T13:24:01","date_gmt":"2025-01-17T13:24:01","guid":{"rendered":"https:\/\/haberbesiktas.tr\/?p=4204"},"modified":"2025-01-17T13:24:01","modified_gmt":"2025-01-17T13:24:01","slug":"son-dakika-vanda-kesif-ucagi-dustu-7-sehit","status":"publish","type":"post","link":"https:\/\/haberbesiktas.tr\/?p=4204","title":{"rendered":"Son dakika! Van&#8217;da ke\u015fif u\u00e7a\u011f\u0131 d\u00fc\u015ft\u00fc: 7 \u015fehit"},"content":{"rendered":"<p>\u0130\u00e7i\u015fleri Bakan\u0131 Soylu, Ferit Melen Havaliman\u0131&#8217;nda gazetecilere yapt\u0131\u011f\u0131 a\u00e7\u0131klamada, pazartesi g\u00fcn\u00fcnden itibaren Van ve Hakkari&#8217;de ke\u015fif ve g\u00f6zetleme misyonuyla bulunan 2015 model be\u015ferli ke\u015fif u\u00e7a\u011f\u0131 olarak envantere kay\u0131tl\u0131 olan u\u00e7a\u011f\u0131n 15 Temmuz&#8217;da saat 18.35 sular\u0131nda yine ke\u015fif ve g\u00f6zetleme yapabilmeyi teminen Van Ferit Melen Havaliman\u0131&#8217;ndan kalkt\u0131\u011f\u0131n\u0131 s\u00f6yledi.<br \/> U\u00e7akta 2&#8217;si pilot 7 emniyet mensubunun bulundu\u011funu aktaran Soylu, \u015funlar\u0131 kaydetti:<br \/> &#8220;Saat 22.32 s\u0131ralar\u0131nda en son Ba\u015fkale \u00fczerindeyken havaliman\u0131yla, kuleyle irtibat sa\u011fland\u0131, d\u00f6n\u00fc\u015fte oldu\u011funu s\u00f6z etti. Sonra 22.45 civar\u0131nda da hem radar hem de irtibat tespiti b\u00fcsb\u00fct\u00fcn kesildi. Saat 23.15 civar\u0131nda bize bu t\u00fcrl\u00fc bir bilgi lakin tahminen teknik bir aksakl\u0131k olaca\u011f\u0131 konusunda bir k\u0131ymetlendirme de yap\u0131labilir. Bu esnada Geva\u015f civar\u0131nda bir ihbar geldi. U\u00e7a\u011f\u0131n al\u00e7ald\u0131\u011f\u0131n\u0131 ve g\u00f6zden kayboldu\u011funu s\u00f6z eden bir ihbard\u0131. Bunun \u00fczerine aramalar o civarlarda t\u00fcm tak\u0131mlar\u0131m\u0131zla havadan ve karadan yap\u0131lmaya ba\u015fland\u0131. Gece saat 03.00 civar\u0131nda buradan oraya giden gruplar\u0131m\u0131z Artos Da\u011f\u0131&#8217;n\u0131n 2 bin 200 rak\u0131m\u0131na u\u00e7a\u011f\u0131m\u0131z\u0131n \u00e7arparak k\u0131r\u0131ma u\u011frad\u0131\u011f\u0131n\u0131 ve 2&#8217;si pilot olmak \u00fczere kahraman 7 evlad\u0131m\u0131z\u0131 kaybetti\u011fimizi bize bildirdiler. \u015eu an oradalar, biz de oraya ge\u00e7ece\u011fiz. Vazife \u015fehitlerimiz. Allah rahmet eylesin, milletimizin ba\u015f\u0131 sa\u011f olsun.&#8221;<\/p>\n<p> Bakan Soylu daha sonra Emniyet Genel M\u00fcd\u00fcr\u00fc Mehmet Akta\u015f, Van Valisi Mehmet Emin Bilmez, Van Jandarma Asayi\u015f Kolordu Kumandan\u0131 T\u00fcmgeneral Hac\u0131 \u0130lba\u015f ile b\u00f6lgeye hareket etti. Bakan Soylu ve beraberindekiler be\u015ferli ke\u015fif u\u00e7a\u011f\u0131n\u0131n d\u00fc\u015ft\u00fc\u011f\u00fc b\u00f6lgede incelemelerde bulundu.<\/p>\n","protected":false},"excerpt":{"rendered":"<p>\u0130\u00e7i\u015fleri Bakan\u0131 S\u00fcleyman Soylu, Van&#8217;da bir ke\u015fif u\u00e7a\u011f\u0131n\u0131n d\u00fc\u015ft\u00fc\u011f\u00fcn\u00fc, 2&#8217;si pilot, 7 emniyet mensubunun \u015fehit oldu\u011funu a\u00e7\u0131klad\u0131. Emniyet Genel M\u00fcd\u00fcrl\u00fc\u011f\u00fc kaza k\u0131r\u0131m tak\u0131m\u0131, be\u015ferli ke\u015fif u\u00e7a\u011f\u0131n\u0131n d\u00fc\u015ft\u00fc\u011f\u00fc Artos Da\u011f\u0131&#8217;ndaki olay yerine gelerek \u00e7al\u0131\u015fmalara ba\u015flad\u0131<\/p>\n","protected":false},"author":1,"featured_media":4205,"comment_status":"open","ping_status":"open","sticky":false,"template":"","format":"standard","meta":{"footnotes":""},"categories":[27],"tags":[590],"class_list":["post-4204","post","type-post","status-publish","format-standard","has-post-thumbnail","hentry","category-guncel-haberler","tag-ucagi"],"_links":{"self":[{"href":"https:\/\/haberbesiktas.tr\/index.php?rest_route=\/wp\/v2\/posts\/4204","targetHints":{"allow":["GET"]}}],"collection":[{"href":"https:\/\/haberbesiktas.tr\/index.php?rest_route=\/wp\/v2\/posts"}],"about":[{"href":"https:\/\/haberbesiktas.tr\/index.php?rest_route=\/wp\/v2\/types\/post"}],"author":[{"embeddable":true,"href":"https:\/\/haberbesiktas.tr\/index.php?rest_route=\/wp\/v2\/users\/1"}],"replies":[{"embeddable":true,"href":"https:\/\/haberbesiktas.tr\/index.php?rest_route=%2Fwp%2Fv2%2Fcomments&post=4204"}],"version-history":[{"count":1,"href":"https:\/\/haberbesiktas.tr\/index.php?rest_route=\/wp\/v2\/posts\/4204\/revisions"}],"predecessor-version":[{"id":4206,"href":"https:\/\/haberbesiktas.tr\/index.php?rest_route=\/wp\/v2\/posts\/4204\/revisions\/4206"}],"wp:featuredmedia":[{"embeddable":true,"href":"https:\/\/haberbesiktas.tr\/index.php?rest_route=\/wp\/v2\/media\/4205"}],"wp:attachment":[{"href":"https:\/\/haberbesiktas.tr\/index.php?rest_route=%2Fwp%2Fv2%2Fmedia&parent=4204"}],"wp:term":[{"taxonomy":"category","embeddable":true,"href":"https:\/\/haberbesiktas.tr\/index.php?rest_route=%2Fwp%2Fv2%2Fcategories&post=4204"},{"taxonomy":"post_tag","embeddable":true,"href":"https:\/\/haberbesiktas.tr\/index.php?rest_route=%2Fwp%2Fv2%2Ftags&post=4204"}],"curies":[{"name":"wp","href":"https:\/\/api.w.org\/{rel}","templated":true}]}}