{"id":42040,"date":"2025-06-26T20:00:28","date_gmt":"2025-06-26T20:00:28","guid":{"rendered":"https:\/\/haberbesiktas.tr\/?p=42040"},"modified":"2025-06-26T20:00:28","modified_gmt":"2025-06-26T20:00:28","slug":"milli-guresci-hamza-bakir-avrupa-2ncisi-oldu","status":"publish","type":"post","link":"https:\/\/haberbesiktas.tr\/?p=42040","title":{"rendered":"Milli g\u00fcre\u015f\u00e7i Hamza Bak\u0131r, Avrupa 2&#8217;ncisi oldu"},"content":{"rendered":"<p>Slovakya&#8217;n\u0131n ba\u015f\u015fehri Bratislava&#8217;da d\u00fczenlenen tertipteki grekoromen tarz 130 kilo finalinde, Hamza ile Rus Sergei Semenov kar\u015f\u0131la\u015ft\u0131.<\/p>\n<p> Avrupa B\u00fcy\u00fckler \u015eampiyonas\u0131&#8217;nda birinci finaline \u00e7\u0131kan 24 ya\u015f\u0131ndaki Hamza ile Semenov ortas\u0131ndaki kar\u015f\u0131la\u015fma 1-1 sonu\u00e7land\u0131.<\/p>\n<p> Semenov, birinci puan\u0131 alman\u0131n avantaj\u0131yla pe\u015f pe\u015fe 2&#8217;nci Avrupa \u015fampiyonlu\u011funa ula\u015f\u0131rken, Hamza Bak\u0131r g\u00fcm\u00fc\u015f madalyan\u0131n sahibi oldu.<\/p>\n<p> <strong>Ahmet Y\u0131lmaz bronz madalya elde etti<\/strong><\/p>\n<p>77 kiloda g\u00fcre\u015fen Ahmet Y\u0131lmaz, \u00e7eyrek finalde G\u00fcrc\u00fc Ramaz Zoidze&#8217;ye kaybetti lakin rakibinin finale \u00e7\u0131kmas\u0131yla repesaj baht\u0131 yakalad\u0131.<\/p>\n<p> Repesaj kar\u015f\u0131la\u015fmas\u0131nda \u00c7ek Michal Zelenka&#8217;y\u0131 ge\u00e7erek 3&#8217;\u00fcnc\u00fcl\u00fck ma\u00e7\u0131na \u00e7\u0131kmaya hak kazanan Ahmet, \u0130sve\u00e7li Per Albin Olofsson&#8217;u da tu\u015fla yenerek podyumda yer ald\u0131.<\/p>\n<p> \u015eampiyona, yar\u0131n grekoromen tarz 60, 67, 72, 82 ve 97 kilo s\u0131kletlerinde yap\u0131lacak repesaj ve madalya kar\u015f\u0131la\u015fmalar\u0131yla sona erecek.<\/p>\n","protected":false},"excerpt":{"rendered":"<p>Avrupa G\u00fcre\u015f \u015eampiyonas\u0131&#8217;nda \u00e7aba eden Hamza Bak\u0131r, grekoromen tarz 130 kiloda g\u00fcm\u00fc\u015f madalya kazand\u0131.<\/p>\n","protected":false},"author":1,"featured_media":42041,"comment_status":"open","ping_status":"open","sticky":false,"template":"","format":"standard","meta":{"footnotes":""},"categories":[27],"tags":[],"class_list":["post-42040","post","type-post","status-publish","format-standard","has-post-thumbnail","hentry","category-guncel-haberler"],"_links":{"self":[{"href":"https:\/\/haberbesiktas.tr\/index.php?rest_route=\/wp\/v2\/posts\/42040","targetHints":{"allow":["GET"]}}],"collection":[{"href":"https:\/\/haberbesiktas.tr\/index.php?rest_route=\/wp\/v2\/posts"}],"about":[{"href":"https:\/\/haberbesiktas.tr\/index.php?rest_route=\/wp\/v2\/types\/post"}],"author":[{"embeddable":true,"href":"https:\/\/haberbesiktas.tr\/index.php?rest_route=\/wp\/v2\/users\/1"}],"replies":[{"embeddable":true,"href":"https:\/\/haberbesiktas.tr\/index.php?rest_route=%2Fwp%2Fv2%2Fcomments&post=42040"}],"version-history":[{"count":1,"href":"https:\/\/haberbesiktas.tr\/index.php?rest_route=\/wp\/v2\/posts\/42040\/revisions"}],"predecessor-version":[{"id":42042,"href":"https:\/\/haberbesiktas.tr\/index.php?rest_route=\/wp\/v2\/posts\/42040\/revisions\/42042"}],"wp:featuredmedia":[{"embeddable":true,"href":"https:\/\/haberbesiktas.tr\/index.php?rest_route=\/wp\/v2\/media\/42041"}],"wp:attachment":[{"href":"https:\/\/haberbesiktas.tr\/index.php?rest_route=%2Fwp%2Fv2%2Fmedia&parent=42040"}],"wp:term":[{"taxonomy":"category","embeddable":true,"href":"https:\/\/haberbesiktas.tr\/index.php?rest_route=%2Fwp%2Fv2%2Fcategories&post=42040"},{"taxonomy":"post_tag","embeddable":true,"href":"https:\/\/haberbesiktas.tr\/index.php?rest_route=%2Fwp%2Fv2%2Ftags&post=42040"}],"curies":[{"name":"wp","href":"https:\/\/api.w.org\/{rel}","templated":true}]}}