{"id":4207,"date":"2025-01-17T13:48:00","date_gmt":"2025-01-17T13:48:00","guid":{"rendered":"https:\/\/haberbesiktas.tr\/?p=4207"},"modified":"2025-01-17T13:48:00","modified_gmt":"2025-01-17T13:48:00","slug":"humeyranin-aci-gunu","status":"publish","type":"post","link":"https:\/\/haberbesiktas.tr\/?p=4207","title":{"rendered":"H\u00fcmeyra&#8217;n\u0131n ac\u0131 g\u00fcn\u00fc"},"content":{"rendered":"<p>H\u00fcmeyra olarak bilinen M\u00fczik\u00e7i Fatma H\u00fcmeyra Akbay&#8217;\u0131n o\u011flu Sad\u0131k Bigat hayat\u0131n\u0131 yitirdi.<br \/> O\u011flundan iki g\u00fcn haber alamayan M\u00fczik\u00e7i H\u00fcmeyra, kap\u0131y\u0131 a\u00e7t\u0131rd\u0131ktan sonra Bigat&#8217;\u0131n cans\u0131z v\u00fccuduyla kar\u015f\u0131la\u015ft\u0131. Sad\u0131k Bigat, 47 ya\u015f\u0131ndayd\u0131.<\/p>\n<p> Gazeteci \u0130zzet \u00c7apa da yapt\u0131\u011f\u0131 a\u00e7\u0131klamada\u00a0<strong>&#8220;H\u00fcmeyra&#8217;n\u0131n 47 ya\u015f\u0131ndaki o\u011flu Sad\u0131k&#8217;\u0131n kalp krizi nedeniyle hayat\u0131n\u0131 kaybetti\u011fini \u00f6\u011frendim. Yeri cennet olsun, Allah rahmet eylesin&#8221;<\/strong>\u00a0ifadelerini kulland\u0131.<\/p>\n","protected":false},"excerpt":{"rendered":"<p>H\u00fcmeyra olarak bilinen M\u00fczik\u00e7i Fatma H\u00fcmeyra Akbay&#8217;\u0131n o\u011flu Sad\u0131k Bigat hayat\u0131n\u0131 yitirdi&#8230;<\/p>\n","protected":false},"author":1,"featured_media":4208,"comment_status":"open","ping_status":"open","sticky":false,"template":"","format":"standard","meta":{"footnotes":""},"categories":[27],"tags":[],"class_list":["post-4207","post","type-post","status-publish","format-standard","has-post-thumbnail","hentry","category-guncel-haberler"],"_links":{"self":[{"href":"https:\/\/haberbesiktas.tr\/index.php?rest_route=\/wp\/v2\/posts\/4207","targetHints":{"allow":["GET"]}}],"collection":[{"href":"https:\/\/haberbesiktas.tr\/index.php?rest_route=\/wp\/v2\/posts"}],"about":[{"href":"https:\/\/haberbesiktas.tr\/index.php?rest_route=\/wp\/v2\/types\/post"}],"author":[{"embeddable":true,"href":"https:\/\/haberbesiktas.tr\/index.php?rest_route=\/wp\/v2\/users\/1"}],"replies":[{"embeddable":true,"href":"https:\/\/haberbesiktas.tr\/index.php?rest_route=%2Fwp%2Fv2%2Fcomments&post=4207"}],"version-history":[{"count":1,"href":"https:\/\/haberbesiktas.tr\/index.php?rest_route=\/wp\/v2\/posts\/4207\/revisions"}],"predecessor-version":[{"id":4209,"href":"https:\/\/haberbesiktas.tr\/index.php?rest_route=\/wp\/v2\/posts\/4207\/revisions\/4209"}],"wp:featuredmedia":[{"embeddable":true,"href":"https:\/\/haberbesiktas.tr\/index.php?rest_route=\/wp\/v2\/media\/4208"}],"wp:attachment":[{"href":"https:\/\/haberbesiktas.tr\/index.php?rest_route=%2Fwp%2Fv2%2Fmedia&parent=4207"}],"wp:term":[{"taxonomy":"category","embeddable":true,"href":"https:\/\/haberbesiktas.tr\/index.php?rest_route=%2Fwp%2Fv2%2Fcategories&post=4207"},{"taxonomy":"post_tag","embeddable":true,"href":"https:\/\/haberbesiktas.tr\/index.php?rest_route=%2Fwp%2Fv2%2Ftags&post=4207"}],"curies":[{"name":"wp","href":"https:\/\/api.w.org\/{rel}","templated":true}]}}