{"id":4213,"date":"2025-01-17T14:24:01","date_gmt":"2025-01-17T14:24:01","guid":{"rendered":"https:\/\/haberbesiktas.tr\/?p=4213"},"modified":"2025-01-17T14:24:01","modified_gmt":"2025-01-17T14:24:01","slug":"yasam-ucgeni-nedir-depremde-hayat-ucgeni-pozisyonu-nasil-olusturulur","status":"publish","type":"post","link":"https:\/\/haberbesiktas.tr\/?p=4213","title":{"rendered":"Ya\u015fam \u00fc\u00e7geni nedir? Depremde hayat \u00fc\u00e7geni pozisyonu nas\u0131l olu\u015fturulur?"},"content":{"rendered":"<p>T\u00fcrkiye&#8217;nin en b\u00fcy\u00fck ger\u00e7eklerinden biri de maalesef zelzele. \u0130zmir&#8217;de meydana gelen sars\u0131nt\u0131n\u0131n arama kurtarma \u00e7al\u0131\u015fmalar\u0131 hala devam ediyor. M\u00fcmk\u00fcn bir sars\u0131nt\u0131da hayat\u0131m\u0131z\u0131 kurtaracak tedbirlerin ba\u015f\u0131nda hayat \u00fc\u00e7geni geliyor. Pekala, Hayat \u00fc\u00e7geni nedir? Sars\u0131nt\u0131da hayat \u00fc\u00e7geni durumu nas\u0131l olu\u015fturulur?<br \/> <img decoding=\"async\" src=\"https:\/\/haberbesiktas.tr\/wp-content\/uploads\/2025\/01\/yasam-ucgeni-nedir-depremde-hayat-ucgeni-pozisyonu-nasil-olusturulur-0-IN1nqYcP.jpg\"\/>\u00a0<\/p>\n<p> <strong>HAYAT \u00dc\u00c7GEN\u0130 NED\u0130R?<\/strong><\/p>\n<p> Hayat \u00fc\u00e7geni, sars\u0131nt\u0131 an\u0131nda uygulanabildi\u011fi durumda enkaz alt\u0131ndan sa\u011f \u00e7\u0131kmam\u0131z\u0131 sa\u011flayacak en k\u0131ymetli zelzele tedbirlerinden biri. Konutlar\u0131m\u0131z\u0131n i\u00e7inde hayatta kalaca\u011f\u0131m\u0131z kadar b\u00fcy\u00fckl\u00fckteki bo\u015fluklara hayat \u00fc\u00e7geni denir.<\/p>\n<p> <strong>YA\u015eAM \u00dc\u00c7GEN\u0130 NASIL OLU\u015eTURULUR?<\/p>\n<p><\/strong><\/p>\n<p> Zelzele an\u0131nda bina i\u00e7indeyseniz;<br \/>Kesinlikle panik yap\u0131lmamal\u0131d\u0131r.<\/p>\n<p> Sabitlenmemi\u015f dolap, raf, pencere vb. e\u015fyalardan uzak durulmal\u0131d\u0131r.<br \/>Varsa sa\u011flam sandalyelerle desteklenmi\u015f masa alt\u0131na yahut dolgun ve hacimli koltuk, kanepe, i\u00e7i dolu sand\u0131k \u00fczere muhafaza sa\u011flayabilecek e\u015fya yan\u0131na \u00e7\u00f6melerek hayat \u00fc\u00e7geni olu\u015fturulmal\u0131d\u0131r. Ba\u015f iki el ortas\u0131na al\u0131narak yahut bir hami (yast\u0131k, kitap vb) gere\u00e7 ile korunmal\u0131d\u0131r. Sars\u0131nt\u0131 ge\u00e7ene kadar bu konumda beklenmelidir.<br \/>G\u00fcvenli bir yer bulup, diz \u00fcst\u00fc \u00c7\u00d6K<br \/>Ba\u015f\u0131n\u0131 ve enseni koruyacak formda KAPAN<br \/>D\u00fc\u015fmemek i\u00e7in sabit bir yere TUTUN<br \/>Merdivenlere ya da \u00e7\u0131k\u0131\u015flara yanl\u0131\u015fs\u0131z ko\u015fulmamal\u0131d\u0131r.<\/p>\n<p> Balkona \u00e7\u0131k\u0131lmamal\u0131d\u0131r.<br \/>Balkonlardan ya da pencerelerden a\u015fa\u011f\u0131ya atlanmamal\u0131d\u0131r.<br \/>Kesinlikle asans\u00f6r kullan\u0131lmamal\u0131d\u0131r.<br \/>Telefonlar acil durum ve yang\u0131nlar\u0131 bildirmek d\u0131\u015f\u0131nda kullan\u0131lmamal\u0131d\u0131r.<br \/>Kibrit, \u00e7akmak yak\u0131lmamal\u0131, elektrik d\u00fc\u011fmelerine dokunulmamal\u0131d\u0131r.<br \/>Tekerlekli sandalyede isek tekerlekler kilitlenerek ba\u015f ve boyun m\u00fcdafaaya al\u0131nmal\u0131d\u0131r.<br \/>Mutfak, imalathane, laboratuvar \u00fczere i\u015f aletlerinin bulundu\u011fu yerlerde; ocak, f\u0131r\u0131n ve bu \u00fczere ayg\u0131tlar kapat\u0131lmal\u0131, d\u00f6k\u00fclebilecek materyal ve hususlardan uzakla\u015f\u0131lmal\u0131d\u0131r.<br \/>Sars\u0131nt\u0131 ge\u00e7tikten sonra elektrik, gaz ve su vanalar\u0131n\u0131 kapat\u0131lmal\u0131, soba ve \u0131s\u0131t\u0131c\u0131lar s\u00f6nd\u00fcr\u00fclmelidir.<br \/>Di\u011fer g\u00fcvenlik tedbirleri al\u0131narak gerekli olan e\u015fya ve materyaller al\u0131narak bina daha evvel tespit edilen yoldan derhal terk edilip toplanma b\u00f6lgesine gidilmelidir.<br \/>Okulda s\u0131n\u0131fta ya da ofiste ise sa\u011flam s\u0131ra, masa altlar\u0131nda ve ya yan\u0131nda; koridorsa ise duvar\u0131n yan\u0131na hayat \u00fc\u00e7geni olu\u015fturacak formda \u00c7\u00d6K-KAPAN-TUTUN hareketi ile ba\u015f ve boyun korunmal\u0131d\u0131r.<br \/>Pencerelerden ve camdan yap\u0131lm\u0131\u015f e\u015fyalardan uzak durulmal\u0131d\u0131r.<\/p>\n<p><\/p>\n","protected":false},"excerpt":{"rendered":"<p>\u0130zmir&#8217;de meydana gelen 6.9 \u015fiddetindeki zelzelenin akabinde herkes zelzele an\u0131nda ve sonras\u0131nda yap\u0131lacaklar\u0131 ara\u015ft\u0131rmaya ba\u015flad\u0131. Zelzelede enkaz alt\u0131nda kal\u0131nsa bile hayatta kalmam\u0131za yard\u0131mc\u0131 olacak birtak\u0131m ayr\u0131nt\u0131lar var. Bunlardan biri de hayat \u00fc\u00e7geni. Hayat \u00fc\u00e7geni nedir? Sars\u0131nt\u0131da hayat \u00fc\u00e7geni durumu nas\u0131l olu\u015fturulur?<\/p>\n","protected":false},"author":1,"featured_media":4214,"comment_status":"open","ping_status":"open","sticky":false,"template":"","format":"standard","meta":{"footnotes":""},"categories":[27],"tags":[213,576,591],"class_list":["post-4213","post","type-post","status-publish","format-standard","has-post-thumbnail","hentry","category-guncel-haberler","tag-bas","tag-deprem","tag-hayat-ucgeni"],"_links":{"self":[{"href":"https:\/\/haberbesiktas.tr\/index.php?rest_route=\/wp\/v2\/posts\/4213","targetHints":{"allow":["GET"]}}],"collection":[{"href":"https:\/\/haberbesiktas.tr\/index.php?rest_route=\/wp\/v2\/posts"}],"about":[{"href":"https:\/\/haberbesiktas.tr\/index.php?rest_route=\/wp\/v2\/types\/post"}],"author":[{"embeddable":true,"href":"https:\/\/haberbesiktas.tr\/index.php?rest_route=\/wp\/v2\/users\/1"}],"replies":[{"embeddable":true,"href":"https:\/\/haberbesiktas.tr\/index.php?rest_route=%2Fwp%2Fv2%2Fcomments&post=4213"}],"version-history":[{"count":1,"href":"https:\/\/haberbesiktas.tr\/index.php?rest_route=\/wp\/v2\/posts\/4213\/revisions"}],"predecessor-version":[{"id":4216,"href":"https:\/\/haberbesiktas.tr\/index.php?rest_route=\/wp\/v2\/posts\/4213\/revisions\/4216"}],"wp:featuredmedia":[{"embeddable":true,"href":"https:\/\/haberbesiktas.tr\/index.php?rest_route=\/wp\/v2\/media\/4214"}],"wp:attachment":[{"href":"https:\/\/haberbesiktas.tr\/index.php?rest_route=%2Fwp%2Fv2%2Fmedia&parent=4213"}],"wp:term":[{"taxonomy":"category","embeddable":true,"href":"https:\/\/haberbesiktas.tr\/index.php?rest_route=%2Fwp%2Fv2%2Fcategories&post=4213"},{"taxonomy":"post_tag","embeddable":true,"href":"https:\/\/haberbesiktas.tr\/index.php?rest_route=%2Fwp%2Fv2%2Ftags&post=4213"}],"curies":[{"name":"wp","href":"https:\/\/api.w.org\/{rel}","templated":true}]}}