{"id":42298,"date":"2025-06-27T12:48:10","date_gmt":"2025-06-27T12:48:10","guid":{"rendered":"https:\/\/haberbesiktas.tr\/?p=42298"},"modified":"2025-06-27T12:48:10","modified_gmt":"2025-06-27T12:48:10","slug":"bes-gollu-macta-kazanan-corum-fk","status":"publish","type":"post","link":"https:\/\/haberbesiktas.tr\/?p=42298","title":{"rendered":"Be\u015f goll\u00fc ma\u00e7ta kazanan \u00c7orum FK!"},"content":{"rendered":"<div>Trendyol 1. Lig&#8217;in 34. hafta ma\u00e7\u0131nda \u00c7orum FK, Manisa FK&#8217;yi konuk etti.<\/p>\n<p>\u00c7orum Kent Stadyumu&#8217;ndaki \u00e7abay\u0131 mesken sahibi grup 3-2 kazand\u0131.<\/p>\n<p>\u00c7orum FK&#8217;ye galibiyeti getiren golleri dakika 15&#8217;te <strong>Eren Karada\u011f<\/strong>, dakika 21&#8217;de <strong>Ali Akman<\/strong> ve dakika 71&#8217;de <strong>Eren Karada\u011f<\/strong> kaydetti. Manisa FK&#8217;nin gollerini ise 9 dakikada penalt\u0131dan <strong>O\u011fuz G\u00fcrbulak<\/strong> ile 85. dakikada <strong>Georgi Minchev<\/strong> att\u0131.<\/p>\n<p>Bu sonucun akabinde \u00c7orum FK, puan\u0131n\u0131 51&#8217;e y\u00fckseltti. Manisa FK, 38 puanda kald\u0131.<\/p>\n<p>Trendyol 1.Lig&#8217;in gelecek haftas\u0131nda \u00c7orum FK, Amed SK deplasman\u0131na gidecek. Manisa FK, Ankarag\u00fcc\u00fc&#8217;n\u00fc konuk edecek.<\/p><\/div>\n<p><\/p>\n","protected":false},"excerpt":{"rendered":"<p>Trendyol 1. Lig&#8217;in 34. hafta ma\u00e7\u0131nda \u00c7orum FK, alan\u0131nda Manisa FK&#8217;yi 3-2 ma\u011flup etti.<\/p>\n","protected":false},"author":1,"featured_media":42299,"comment_status":"open","ping_status":"open","sticky":false,"template":"","format":"standard","meta":{"footnotes":""},"categories":[25],"tags":[446,109,3185],"class_list":["post-42298","post","type-post","status-publish","format-standard","has-post-thumbnail","hentry","category-futbol","tag-corum","tag-dakika","tag-fk"],"_links":{"self":[{"href":"https:\/\/haberbesiktas.tr\/index.php?rest_route=\/wp\/v2\/posts\/42298","targetHints":{"allow":["GET"]}}],"collection":[{"href":"https:\/\/haberbesiktas.tr\/index.php?rest_route=\/wp\/v2\/posts"}],"about":[{"href":"https:\/\/haberbesiktas.tr\/index.php?rest_route=\/wp\/v2\/types\/post"}],"author":[{"embeddable":true,"href":"https:\/\/haberbesiktas.tr\/index.php?rest_route=\/wp\/v2\/users\/1"}],"replies":[{"embeddable":true,"href":"https:\/\/haberbesiktas.tr\/index.php?rest_route=%2Fwp%2Fv2%2Fcomments&post=42298"}],"version-history":[{"count":1,"href":"https:\/\/haberbesiktas.tr\/index.php?rest_route=\/wp\/v2\/posts\/42298\/revisions"}],"predecessor-version":[{"id":42300,"href":"https:\/\/haberbesiktas.tr\/index.php?rest_route=\/wp\/v2\/posts\/42298\/revisions\/42300"}],"wp:featuredmedia":[{"embeddable":true,"href":"https:\/\/haberbesiktas.tr\/index.php?rest_route=\/wp\/v2\/media\/42299"}],"wp:attachment":[{"href":"https:\/\/haberbesiktas.tr\/index.php?rest_route=%2Fwp%2Fv2%2Fmedia&parent=42298"}],"wp:term":[{"taxonomy":"category","embeddable":true,"href":"https:\/\/haberbesiktas.tr\/index.php?rest_route=%2Fwp%2Fv2%2Fcategories&post=42298"},{"taxonomy":"post_tag","embeddable":true,"href":"https:\/\/haberbesiktas.tr\/index.php?rest_route=%2Fwp%2Fv2%2Ftags&post=42298"}],"curies":[{"name":"wp","href":"https:\/\/api.w.org\/{rel}","templated":true}]}}