{"id":42301,"date":"2025-06-27T13:00:10","date_gmt":"2025-06-27T13:00:10","guid":{"rendered":"https:\/\/haberbesiktas.tr\/?p=42301"},"modified":"2025-06-27T13:00:10","modified_gmt":"2025-06-27T13:00:10","slug":"talisca-takimdaki-herkes-cok-kaliteli","status":"publish","type":"post","link":"https:\/\/haberbesiktas.tr\/?p=42301","title":{"rendered":"Talisca: &#8220;Tak\u0131mdaki herkes \u00e7ok kaliteli&#8221;"},"content":{"rendered":"<div>Trendyol Muhte\u015fem Lig&#8217;in 31. haftas\u0131nda Fenerbah\u00e7e, deplasmanda Sivasspor&#8217;u 3-1 ma\u011flup etti.<\/p>\n<p>Kar\u015f\u0131la\u015fman\u0131n akabinde \u015f\u0131k bir frikik gol\u00fc kaydeden Anderson Talisca, a\u00e7\u0131klamalarda bulundu:<\/p>\n<p><strong>&#8220;Topun ba\u015f\u0131na ge\u00e7ti\u011finde gol olaca\u011f\u0131n\u0131 hissetti mi?&#8221;<\/p>\n<p>&#8220;A\u00e7\u0131k\u00e7as\u0131 faul oldu\u011fu anda o topun ba\u015f\u0131na ge\u00e7ti\u011fimde \u00e7ok \u00f6z inan\u00e7l\u0131yd\u0131m. Kaleci i\u00e7in \u00e7ok s\u0131k\u0131nt\u0131 bir top atabilece\u011fim ve gol atabilece\u011fim hissim vard\u0131.&#8221;<br \/><\/strong><br \/><strong>&#8220;HERKES \u00c7OK KAL\u0130TEL\u0130&#8221;<\/strong><\/p>\n<p><strong>&#8220;\u00c7ok g\u00fczel oyunculardan olu\u015fan bir kadromuz var. Kaliteli oyuncularla bu \u015fekil oyunlar\u0131 yapmak daha kolay oluyor. Bu kadrodaki herkes \u00e7ok kaliteli. \u0130kinci frikik, birinci frikiktekinden daha yak\u0131nd\u0131 ve kalecinin erken \u00e7\u0131kabilece\u011fini d\u00fc\u015f\u00fcnd\u00fcm. Bu halde vurdum ve kaleci bu halde kurtar\u0131\u015f yapt\u0131.&#8221;<\/strong><\/div>\n<p><\/p>\n","protected":false},"excerpt":{"rendered":"<p>M\u00fcsabakan\u0131n akabinde Sivasspor ma\u00e7\u0131nda \u00e7ok ho\u015f bir frikik gol\u00fc kaydeden Anderson Talisca, a\u00e7\u0131klamalarda bulundu.<\/p>\n","protected":false},"author":1,"featured_media":42302,"comment_status":"open","ping_status":"open","sticky":false,"template":"","format":"standard","meta":{"footnotes":""},"categories":[25],"tags":[],"class_list":["post-42301","post","type-post","status-publish","format-standard","has-post-thumbnail","hentry","category-futbol"],"_links":{"self":[{"href":"https:\/\/haberbesiktas.tr\/index.php?rest_route=\/wp\/v2\/posts\/42301","targetHints":{"allow":["GET"]}}],"collection":[{"href":"https:\/\/haberbesiktas.tr\/index.php?rest_route=\/wp\/v2\/posts"}],"about":[{"href":"https:\/\/haberbesiktas.tr\/index.php?rest_route=\/wp\/v2\/types\/post"}],"author":[{"embeddable":true,"href":"https:\/\/haberbesiktas.tr\/index.php?rest_route=\/wp\/v2\/users\/1"}],"replies":[{"embeddable":true,"href":"https:\/\/haberbesiktas.tr\/index.php?rest_route=%2Fwp%2Fv2%2Fcomments&post=42301"}],"version-history":[{"count":1,"href":"https:\/\/haberbesiktas.tr\/index.php?rest_route=\/wp\/v2\/posts\/42301\/revisions"}],"predecessor-version":[{"id":42303,"href":"https:\/\/haberbesiktas.tr\/index.php?rest_route=\/wp\/v2\/posts\/42301\/revisions\/42303"}],"wp:featuredmedia":[{"embeddable":true,"href":"https:\/\/haberbesiktas.tr\/index.php?rest_route=\/wp\/v2\/media\/42302"}],"wp:attachment":[{"href":"https:\/\/haberbesiktas.tr\/index.php?rest_route=%2Fwp%2Fv2%2Fmedia&parent=42301"}],"wp:term":[{"taxonomy":"category","embeddable":true,"href":"https:\/\/haberbesiktas.tr\/index.php?rest_route=%2Fwp%2Fv2%2Fcategories&post=42301"},{"taxonomy":"post_tag","embeddable":true,"href":"https:\/\/haberbesiktas.tr\/index.php?rest_route=%2Fwp%2Fv2%2Ftags&post=42301"}],"curies":[{"name":"wp","href":"https:\/\/api.w.org\/{rel}","templated":true}]}}