{"id":42319,"date":"2025-06-27T14:12:09","date_gmt":"2025-06-27T14:12:09","guid":{"rendered":"https:\/\/haberbesiktas.tr\/?p=42319"},"modified":"2025-06-27T14:12:09","modified_gmt":"2025-06-27T14:12:09","slug":"ilhan-palut-elimizden-gelen-bu-kadar-ama-yetmiyor","status":"publish","type":"post","link":"https:\/\/haberbesiktas.tr\/?p=42319","title":{"rendered":"\u0130lhan Palut: &#8220;Elimizden gelen bu kadar ama yetmiyor&#8221;"},"content":{"rendered":"<div>Trendyol Harika Lig&#8217;in 31. haftas\u0131nda Trabzonspor, alan\u0131nda Rizespor&#8217;u 2-0 ma\u011flup etti.<\/p>\n<p>Kar\u015f\u0131la\u015fman\u0131n akabinde Rizespor Teknik Y\u00f6neticisi \u0130lhan Palut, a\u00e7\u0131klamalarda bulundu:<\/p>\n<p>Ma\u00e7a uygun ba\u015flad\u0131klar\u0131n\u0131 s\u00f6yleyen Palut,<strong> &#8220;\u00d6nde bask\u0131yla ba\u015flamaya \u00e7al\u0131\u015ft\u0131k. Yedi\u011fimiz gole kadar bu i\u015fleyen bir kar\u015f\u0131lama oldu. Topu kalemizden uzakta tutmaya \u00e7al\u0131\u015f\u0131yorduk ve genelde bunu ba\u015fard\u0131k. Defansif olarak sorun \u00e7ekmedik gole kadar. Banza&#8217;ya ge\u00e7 kald\u0131k, rakip ondan sonra kanatta ikiye iki kombinasyonu yakalad\u0131 ve gol\u00fc att\u0131. Geriye ko\u015fuyla bir gol daha, yan\u0131t veremedik maalesef. Erken oyuncu ve sistem de\u011fi\u015fikli\u011fiyle telafi etmeye \u00e7al\u0131\u015ft\u0131k. Birinci yar\u0131 bir formda bitse diye d\u00fc\u015f\u00fcnd\u00fcm.&#8221; <\/strong>ifadelerini kulland\u0131.<\/p>\n<p> \u0130kinci yar\u0131ya \u00e7ok yeterli ba\u015flad\u0131klar\u0131n\u0131 aktaran tecr\u00fcbeli \u00e7al\u0131\u015ft\u0131r\u0131c\u0131,<strong> \u0130kinci yar\u0131ya ba\u015flang\u0131c\u0131m\u0131z daha yeterliydi. Rakip kaleyi daha \u00e7ok zorlad\u0131k ikinci yar\u0131. Trabzonspor&#8217;un daha denetimli olmas\u0131ndan \u00f6t\u00fcr\u00fc m\u0131 oldu bilemiyorum lakin alanda g\u00f6r\u00fcnen buydu. Gol atamad\u0131k, 2-0 kaybettik. Ma\u00e7\u0131 neden kaybettik diye soracak olursak, iki ekip oyuncular\u0131 ne vakit ikili \u00e7abaya girse kazanan bir taraf oldu, biz hi\u00e7 kazanamad\u0131k. Aya\u011f\u0131m\u0131zdaki topla alt\u0131pastan konum veredik. \u0130kili u\u011fra\u015f kay\u0131plar\u0131, rakip i\u00e7in ikili \u00e7abalarda g\u00fc\u00e7l\u00fc kalmak ma\u00e7ta fark\u0131 olu\u015fturdu.&#8221; <\/strong>dedi.<\/p>\n<p> <strong>&#8220;10 K\u0130\u015e\u0130 KALINCA \u00dcM\u0130D\u0130M\u0130Z YOK OLDU&#8221;<\/p>\n<p>&#8220;10 ki\u015fi kald\u0131k. Bir golle ma\u00e7a ortak olma \u00fcmidimiz 10 ki\u015fi kald\u0131ktan sonra yok oldu. Periyot d\u00f6nem alanda gergin, sonlu hal oldu. Sakinli\u011fi koruyal\u0131m dedik. 1 ma\u00e7 daha kaybettik. Bazen \u00e7ok g\u00fczel oynar kaybedersiniz, bu sizi daha \u00e7ok yorar. Kaybettik.&#8221;<\/strong><\/p>\n<p> <strong>&#8220;SORUMLUSU BEN\u0130M&#8221;<\/p>\n<p>&#8220;K\u00f6t\u00fc gidiyoruz. En ba\u015fta sorumlusu benim. Benim de \u00fczerimdeki sorumlulu\u011fumun payla\u015f\u0131lmas\u0131 laz\u0131m, kolay de\u011fil. Oyuncular\u0131m\u0131zla konu\u015ftuk. Tepki ve kendi benliklerine d\u00f6nmelerini istiyorum. Ruhsal taraf de i\u015fin i\u00e7ine girmeye ba\u015flad\u0131k. Bulundu\u011fumuz durumu daima bir arada s\u0131k\u0131nt\u0131 edinmeli ve a\u015fmal\u0131y\u0131z.\u00a0<\/strong><strong>Zor bir deneyim. S\u0131ralaman\u0131n farkl\u0131 bir istikameti&#8230; Bug\u00fcn burada olmak istemezdik. Maalesef buraday\u0131z. Taraftar\u0131m\u0131z\u0131, toplulu\u011fumuzu \u00fcz\u00fcyoruz, fark\u0131nday\u0131m. Ayakta kalmal\u0131, dimdik durmal\u0131, sava\u015fmal\u0131y\u0131z. Trabzonspor daha uygundu, tebrik ediyorum.\u00a0<\/strong><strong>Oyuncular\u0131m da elinden geleni yap\u0131yor lakin sorun elimizden gelenin bu kadar olmas\u0131&#8230;.&#8221;<\/strong><\/p>\n<\/div>\n<p><\/p>\n","protected":false},"excerpt":{"rendered":"<p>Trabzonspor-Rizespor u\u011fra\u015f\u0131n\u0131n akabinde Rizespor Teknik Y\u00f6neticisi \u0130lhan Palut, a\u00e7\u0131klamalarda bulundu.<\/p>\n","protected":false},"author":1,"featured_media":42320,"comment_status":"open","ping_status":"open","sticky":false,"template":"","format":"standard","meta":{"footnotes":""},"categories":[25],"tags":[77,50],"class_list":["post-42319","post","type-post","status-publish","format-standard","has-post-thumbnail","hentry","category-futbol","tag-gol","tag-mac"],"_links":{"self":[{"href":"https:\/\/haberbesiktas.tr\/index.php?rest_route=\/wp\/v2\/posts\/42319","targetHints":{"allow":["GET"]}}],"collection":[{"href":"https:\/\/haberbesiktas.tr\/index.php?rest_route=\/wp\/v2\/posts"}],"about":[{"href":"https:\/\/haberbesiktas.tr\/index.php?rest_route=\/wp\/v2\/types\/post"}],"author":[{"embeddable":true,"href":"https:\/\/haberbesiktas.tr\/index.php?rest_route=\/wp\/v2\/users\/1"}],"replies":[{"embeddable":true,"href":"https:\/\/haberbesiktas.tr\/index.php?rest_route=%2Fwp%2Fv2%2Fcomments&post=42319"}],"version-history":[{"count":1,"href":"https:\/\/haberbesiktas.tr\/index.php?rest_route=\/wp\/v2\/posts\/42319\/revisions"}],"predecessor-version":[{"id":42321,"href":"https:\/\/haberbesiktas.tr\/index.php?rest_route=\/wp\/v2\/posts\/42319\/revisions\/42321"}],"wp:featuredmedia":[{"embeddable":true,"href":"https:\/\/haberbesiktas.tr\/index.php?rest_route=\/wp\/v2\/media\/42320"}],"wp:attachment":[{"href":"https:\/\/haberbesiktas.tr\/index.php?rest_route=%2Fwp%2Fv2%2Fmedia&parent=42319"}],"wp:term":[{"taxonomy":"category","embeddable":true,"href":"https:\/\/haberbesiktas.tr\/index.php?rest_route=%2Fwp%2Fv2%2Fcategories&post=42319"},{"taxonomy":"post_tag","embeddable":true,"href":"https:\/\/haberbesiktas.tr\/index.php?rest_route=%2Fwp%2Fv2%2Ftags&post=42319"}],"curies":[{"name":"wp","href":"https:\/\/api.w.org\/{rel}","templated":true}]}}