{"id":42325,"date":"2025-06-27T14:36:09","date_gmt":"2025-06-27T14:36:09","guid":{"rendered":"https:\/\/haberbesiktas.tr\/?p=42325"},"modified":"2025-06-27T14:36:09","modified_gmt":"2025-06-27T14:36:09","slug":"benficada-orkun-kokcu-yildizlasti-ama-yetmedi","status":"publish","type":"post","link":"https:\/\/haberbesiktas.tr\/?p=42325","title":{"rendered":"Benfica&#8217;da Orkun K\u00f6k\u00e7\u00fc y\u0131ld\u0131zla\u015ft\u0131, ama yetmedi!"},"content":{"rendered":"<div>Portekiz Premier Lig&#8217;in 29. hafta ma\u00e7\u0131nda Benfica, Arouca&#8217;y\u0131 konuk etti.\u00a0<\/p>\n<p>Da Luz Stadyumu&#8217;nda oynanan u\u011fra\u015f 2-2 beraberlikle sonu\u00e7land\u0131.<\/p>\n<p>Benfica&#8217;n\u0131n gollerini, 60. dakikada ulusal oyuncu <strong>Orkun K\u00f6k\u00e7\u00fc<\/strong> kaydederken, 79. dakikada ise Orkun&#8217;un asistinde Yunan oyuncu <strong>Vangelis Pavlidis<\/strong> fileleri havaland\u0131rd\u0131.\u00a0<\/p>\n<p>Arouca&#8217;n\u0131n gollerini ise 72. dakikada T\u00fcrk oyuncu <strong>G\u00fcven Yal\u00e7\u0131n<\/strong> ile 90+5&#8217;te Weverson&#8217;dan geldi.<\/p>\n<p><strong>Bruno Lage<\/strong>&#8216;nin \u00e7al\u0131\u015ft\u0131rd\u0131\u011f\u0131 Benfica, ligde \u00fcst \u00fcste 9 galibiyetin akabinde 10. ma\u00e7\u0131nda birinci defa puan kaybetti.<\/p>\n<p>Benfica&#8217;n\u0131n iki gol\u00fcnde de hisse sahibi olan<strong> Orkun K\u00f6k\u00e7\u00fc<\/strong> m\u00fcsabakada 90 dakika vazife ald\u0131.<br \/> Ulusal oyuncu <strong>Kerem Akt\u00fcrko\u011flu<\/strong>, Benfica&#8217;da u\u011fra\u015fa birinci 11&#8217;de ba\u015flad\u0131. 89. dakikada yerini<strong> Bruma&#8217;<\/strong>ya b\u0131rakt\u0131.<\/p>\n<p> <span>\u00d6te yandan Arouca formas\u0131 giyen T\u00fcrk oyuncu <strong>G\u00fcven Yal\u00e7\u0131n<\/strong>&#8216;da gayrete birinci 11&#8217;de ba\u015flad\u0131. 83. dakikada yerini<strong> Brian Mansilla&#8217;<\/strong>ya b\u0131rakt\u0131. \u00a0<\/span><\/p>\n<p>Bu sonucun akabinde Benfica, puan\u0131n\u0131 69 yapt\u0131. Arouca ise 30 puana y\u00fckseldi.<\/p>\n<p>Portekiz Premier Lig&#8217;in gelecek haftas\u0131nda Benfica, V. Guimaraes deplasman\u0131na gidecek. Arouca, Estrela&#8217;y\u0131 konuk edecek.<\/p>\n<p><\/div>\n<p><\/p>\n","protected":false},"excerpt":{"rendered":"<p>Portekiz Premier Lig&#8217;in 29. hafta ma\u00e7\u0131nda Benfica, ulusal oyuncu Orkun K\u00f6k\u00e7\u00fc&#8217;n\u00fcn 1 gol 1 asist yapt\u0131\u011f\u0131 m\u00fcsabakada alan\u0131nda Arouca ile 2-2 berabere kald\u0131.<\/p>\n","protected":false},"author":1,"featured_media":42326,"comment_status":"open","ping_status":"open","sticky":false,"template":"","format":"standard","meta":{"footnotes":""},"categories":[25],"tags":[3186,49],"class_list":["post-42325","post","type-post","status-publish","format-standard","has-post-thumbnail","hentry","category-futbol","tag-arouca","tag-oyuncu"],"_links":{"self":[{"href":"https:\/\/haberbesiktas.tr\/index.php?rest_route=\/wp\/v2\/posts\/42325","targetHints":{"allow":["GET"]}}],"collection":[{"href":"https:\/\/haberbesiktas.tr\/index.php?rest_route=\/wp\/v2\/posts"}],"about":[{"href":"https:\/\/haberbesiktas.tr\/index.php?rest_route=\/wp\/v2\/types\/post"}],"author":[{"embeddable":true,"href":"https:\/\/haberbesiktas.tr\/index.php?rest_route=\/wp\/v2\/users\/1"}],"replies":[{"embeddable":true,"href":"https:\/\/haberbesiktas.tr\/index.php?rest_route=%2Fwp%2Fv2%2Fcomments&post=42325"}],"version-history":[{"count":1,"href":"https:\/\/haberbesiktas.tr\/index.php?rest_route=\/wp\/v2\/posts\/42325\/revisions"}],"predecessor-version":[{"id":42327,"href":"https:\/\/haberbesiktas.tr\/index.php?rest_route=\/wp\/v2\/posts\/42325\/revisions\/42327"}],"wp:featuredmedia":[{"embeddable":true,"href":"https:\/\/haberbesiktas.tr\/index.php?rest_route=\/wp\/v2\/media\/42326"}],"wp:attachment":[{"href":"https:\/\/haberbesiktas.tr\/index.php?rest_route=%2Fwp%2Fv2%2Fmedia&parent=42325"}],"wp:term":[{"taxonomy":"category","embeddable":true,"href":"https:\/\/haberbesiktas.tr\/index.php?rest_route=%2Fwp%2Fv2%2Fcategories&post=42325"},{"taxonomy":"post_tag","embeddable":true,"href":"https:\/\/haberbesiktas.tr\/index.php?rest_route=%2Fwp%2Fv2%2Ftags&post=42325"}],"curies":[{"name":"wp","href":"https:\/\/api.w.org\/{rel}","templated":true}]}}