{"id":42331,"date":"2025-06-27T15:00:11","date_gmt":"2025-06-27T15:00:11","guid":{"rendered":"https:\/\/haberbesiktas.tr\/?p=42331"},"modified":"2025-06-27T15:00:11","modified_gmt":"2025-06-27T15:00:11","slug":"jurecka-tum-mucadele-kacirdigim-golle-beraber-mahvoldu","status":"publish","type":"post","link":"https:\/\/haberbesiktas.tr\/?p=42331","title":{"rendered":"Jurecka: &#8220;T\u00fcm m\u00fccadele, ka\u00e7\u0131rd\u0131\u011f\u0131m golle beraber mahvoldu&#8221;"},"content":{"rendered":"<div>\n<p>\u00c7aykur Rizespor&#8217;da Vaclav Jurecka ve Ivo Grbic, deplasmanda Trabzonspor&#8217;a 2-0 ma\u011flup olduklar\u0131 m\u00fcsabakan\u0131n akabinde a\u00e7\u0131klamalarda bulundu.<\/p>\n<p> \u00c7abay\u0131 k\u0131ymetlendiren Grbic,<strong> &#8220;S\u00f6ylenecek hi\u00e7bir \u015fey yok. Buraya gelen taraftarlar\u0131m\u0131zdan \u00f6z\u00fcr diliyorum. Buraya dayanak i\u00e7in geldiler. Trabzonspor bizi oyunun her segmentinde yendi.&#8221;<\/strong> dedi.<\/p>\n<p> \u00d6te yandan m\u00fcsabakay\u0131 pahaland\u0131ran bir \u00f6b\u00fcr isim Vaclav Jurecka, <strong>&#8220;Hayal etti\u011fimizden mak\u00fbs ba\u015flad\u0131k ma\u00e7a. \u0130ki kolay gol yedik. Sonra de\u011fi\u015fiklikler yapt\u0131k 25&#8217;te. \u0130kinci yar\u0131ya g\u00fczel ba\u015flam\u0131\u015ft\u0131k. Benim de konumum vard\u0131, atamad\u0131m. K\u0131r\u0131lma an\u0131yd\u0131 o. Sonra 10 ki\u015fi kald\u0131k. T\u00fcm \u00e7abam\u0131z, ka\u00e7\u0131rd\u0131\u011f\u0131m golle bir arada mahvoldu.&#8221;<\/strong> dedi.<\/p>\n<\/div>\n<p><\/p>\n","protected":false},"excerpt":{"rendered":"<p>Rizespor&#8217;da Vaclav Jurecka ve Ivo Grbic, Trabzonspor ma\u00e7\u0131n\u0131n akabinde konu\u015ftu.<\/p>\n","protected":false},"author":1,"featured_media":42332,"comment_status":"open","ping_status":"open","sticky":false,"template":"","format":"standard","meta":{"footnotes":""},"categories":[25],"tags":[],"class_list":["post-42331","post","type-post","status-publish","format-standard","has-post-thumbnail","hentry","category-futbol"],"_links":{"self":[{"href":"https:\/\/haberbesiktas.tr\/index.php?rest_route=\/wp\/v2\/posts\/42331","targetHints":{"allow":["GET"]}}],"collection":[{"href":"https:\/\/haberbesiktas.tr\/index.php?rest_route=\/wp\/v2\/posts"}],"about":[{"href":"https:\/\/haberbesiktas.tr\/index.php?rest_route=\/wp\/v2\/types\/post"}],"author":[{"embeddable":true,"href":"https:\/\/haberbesiktas.tr\/index.php?rest_route=\/wp\/v2\/users\/1"}],"replies":[{"embeddable":true,"href":"https:\/\/haberbesiktas.tr\/index.php?rest_route=%2Fwp%2Fv2%2Fcomments&post=42331"}],"version-history":[{"count":1,"href":"https:\/\/haberbesiktas.tr\/index.php?rest_route=\/wp\/v2\/posts\/42331\/revisions"}],"predecessor-version":[{"id":42333,"href":"https:\/\/haberbesiktas.tr\/index.php?rest_route=\/wp\/v2\/posts\/42331\/revisions\/42333"}],"wp:featuredmedia":[{"embeddable":true,"href":"https:\/\/haberbesiktas.tr\/index.php?rest_route=\/wp\/v2\/media\/42332"}],"wp:attachment":[{"href":"https:\/\/haberbesiktas.tr\/index.php?rest_route=%2Fwp%2Fv2%2Fmedia&parent=42331"}],"wp:term":[{"taxonomy":"category","embeddable":true,"href":"https:\/\/haberbesiktas.tr\/index.php?rest_route=%2Fwp%2Fv2%2Fcategories&post=42331"},{"taxonomy":"post_tag","embeddable":true,"href":"https:\/\/haberbesiktas.tr\/index.php?rest_route=%2Fwp%2Fv2%2Ftags&post=42331"}],"curies":[{"name":"wp","href":"https:\/\/api.w.org\/{rel}","templated":true}]}}