{"id":42457,"date":"2025-06-27T23:12:09","date_gmt":"2025-06-27T23:12:09","guid":{"rendered":"https:\/\/haberbesiktas.tr\/?p=42457"},"modified":"2025-06-27T23:12:09","modified_gmt":"2025-06-27T23:12:09","slug":"morata-benim-icin-sorun-degil","status":"publish","type":"post","link":"https:\/\/haberbesiktas.tr\/?p=42457","title":{"rendered":"Morata: &#8220;Benim i\u00e7in sorun de\u011fil&#8221;"},"content":{"rendered":"<div>Galatasaray&#8217;\u0131n devre ortas\u0131nda Milan&#8217;dan tak\u0131m\u0131na katt\u0131\u011f\u0131 Alvaro Morata, yedek kalmay\u0131 sorun etmiyor.<\/p>\n<p> 32 ya\u015f\u0131ndaki futbolcu, Galatasaray&#8217;da genelde oyuna sonradan dahil olurken 9 ma\u00e7ta 3 gol ve 1 asistlik performans sergiledi.<\/p>\n<p> Son 2-0 kazan\u0131lan Samsunspor m\u00fcsabakas\u0131na kul\u00fcbede ba\u015flayan ve 16 dakika m\u00fchlet alabilen Morata, yedek kalmay\u0131 sorun etmiyor.<\/p>\n<p> Y\u0131ld\u0131z futbolcunun ekip arkada\u015flar\u0131n\u0131 galibiyetten sonra soyunma odas\u0131nda tebrik etti\u011fi ve <strong>&#8220;\u00d6nemli olan benim ne kadar m\u00fchlet ald\u0131\u011f\u0131m de\u011fil, de\u011ferli olan \u015fampiyon olmam\u0131z<\/strong>&#8221; dedi\u011fi \u00f6\u011frenildi.<\/p>\n<\/div>\n<p><\/p>\n","protected":false},"excerpt":{"rendered":"<p>Galatasaray&#8217;da Alvaro Morata, ald\u0131\u011f\u0131 s\u00fcreyi sorun etmiyor.<\/p>\n","protected":false},"author":1,"featured_media":42458,"comment_status":"open","ping_status":"open","sticky":false,"template":"","format":"standard","meta":{"footnotes":""},"categories":[25],"tags":[],"class_list":["post-42457","post","type-post","status-publish","format-standard","has-post-thumbnail","hentry","category-futbol"],"_links":{"self":[{"href":"https:\/\/haberbesiktas.tr\/index.php?rest_route=\/wp\/v2\/posts\/42457","targetHints":{"allow":["GET"]}}],"collection":[{"href":"https:\/\/haberbesiktas.tr\/index.php?rest_route=\/wp\/v2\/posts"}],"about":[{"href":"https:\/\/haberbesiktas.tr\/index.php?rest_route=\/wp\/v2\/types\/post"}],"author":[{"embeddable":true,"href":"https:\/\/haberbesiktas.tr\/index.php?rest_route=\/wp\/v2\/users\/1"}],"replies":[{"embeddable":true,"href":"https:\/\/haberbesiktas.tr\/index.php?rest_route=%2Fwp%2Fv2%2Fcomments&post=42457"}],"version-history":[{"count":1,"href":"https:\/\/haberbesiktas.tr\/index.php?rest_route=\/wp\/v2\/posts\/42457\/revisions"}],"predecessor-version":[{"id":42459,"href":"https:\/\/haberbesiktas.tr\/index.php?rest_route=\/wp\/v2\/posts\/42457\/revisions\/42459"}],"wp:featuredmedia":[{"embeddable":true,"href":"https:\/\/haberbesiktas.tr\/index.php?rest_route=\/wp\/v2\/media\/42458"}],"wp:attachment":[{"href":"https:\/\/haberbesiktas.tr\/index.php?rest_route=%2Fwp%2Fv2%2Fmedia&parent=42457"}],"wp:term":[{"taxonomy":"category","embeddable":true,"href":"https:\/\/haberbesiktas.tr\/index.php?rest_route=%2Fwp%2Fv2%2Fcategories&post=42457"},{"taxonomy":"post_tag","embeddable":true,"href":"https:\/\/haberbesiktas.tr\/index.php?rest_route=%2Fwp%2Fv2%2Ftags&post=42457"}],"curies":[{"name":"wp","href":"https:\/\/api.w.org\/{rel}","templated":true}]}}