{"id":42583,"date":"2025-06-28T07:24:12","date_gmt":"2025-06-28T07:24:12","guid":{"rendered":"https:\/\/haberbesiktas.tr\/?p=42583"},"modified":"2025-06-28T07:24:12","modified_gmt":"2025-06-28T07:24:12","slug":"karsiyakadan-potada-hayati-zafer","status":"publish","type":"post","link":"https:\/\/haberbesiktas.tr\/?p=42583","title":{"rendered":"Kar\u015f\u0131yaka&#8217;dan potada hayati zafer"},"content":{"rendered":"<div>Basketbol \u00dcst\u00fcn Ligi&#8217;nde 51 y\u0131ld\u0131r aral\u0131ks\u0131z olarak u\u011fra\u015f eden, yar\u0131m as\u0131r sonra d\u00fc\u015fme korkusu ya\u015fayan Kar\u015f\u0131yaka, taraftar\u0131n\u0131n dayan\u0131lmaz dayana\u011f\u0131yla k\u0131ymetli rakiplerinden Alia\u011fa Petkimspor&#8217;u uzatmaya giden ma\u00e7ta 93-90 yendi kurtulu\u015f yolunda dev bir ad\u0131m att\u0131.<\/p>\n<p> Ligde 2 \u015fampiyonluk, 3 kupa zaferi ya\u015fayan, Avrupa&#8217;da 2 final oynayan Kar\u015f\u0131yaka bu d\u00f6nem aylard\u0131r i\u00e7inde bulundu\u011fu d\u00fc\u015f\u00fcnceleri toplulu\u011fuyla a\u015fmaya \u00e7ok yakla\u015ft\u0131. D\u00f6nem ba\u015f\u0131nda \u00e7ok savl\u0131 bir tak\u0131m kurduktan sonra 26 y\u0131ll\u0131k sponsoru giden, 6&#8217;s\u0131 yabanc\u0131 7 oyuncusu ve Antren\u00f6r Ufuk Sar\u0131ca ocak ay\u0131nda ayr\u0131lan Kaf-Kaf, \u00fcst \u00fcste 11 ma\u00e7 kaybederek d\u00fc\u015fme s\u0131n\u0131r\u0131na yakla\u015fmas\u0131na kar\u015f\u0131n k\u00fcllerinden do\u011fdu.<\/p>\n<p> Antren\u00f6rl\u00fck vazifesine 3 hafta evvel Ahmet \u00c7ak\u0131&#8217;y\u0131 getiren, y\u00f6netim, Dan\u0131\u015fma Kurulu Lideri Hasan Denizkurdu ve Cenk Karace olmak \u00fczere eski lider ve y\u00f6neticileri ile Ya\u015far Ailesi&#8217;nin dayanaklar\u0131yla transferi a\u00e7arak en kritik periyotta 4 yeni yabanc\u0131 alan Kar\u015f\u0131yaka hayati galibiyetler elde etti. <\/p>\n<p>Ahmet \u00c7ak\u0131 idaresinde i\u00e7 alanda Bursaspor&#8217;u 82-78 yenip, deplasmanda Dar\u00fc\u015f\u015fafaka&#8217;ya 84-75 yenilen Kar\u015f\u0131yaka, Petkimspor mahzurunu ise taraftar\u0131n\u0131n takviyesiyle a\u015ft\u0131. Ba\u015ftan sona heyecan f\u0131rt\u0131nas\u0131 halinde ge\u00e7en, 4 yabanc\u0131s\u0131ndan Hollins&#8217;ten yararlanamad\u0131\u011f\u0131 ma\u00e7ta ola\u011fan m\u00fcddette son anda galibiyeti ka\u00e7\u0131r\u0131p 81-81 e\u015fitli\u011fe mahzur olamayan ye\u015fil-k\u0131rm\u0131z\u0131l\u0131 grup, uzatmada ise hayati zafer elde etti.<\/p>\n<p> Bitime 5 hafta kala 10 galibiyete ula\u015farak d\u00fc\u015fme s\u0131n\u0131r\u0131na 3 galibiyet fark atan Kaf-Kaf, 1 galibiyet daha al\u0131rsa hi\u00e7bir rakibine bakmadan ligde kalacak. 9 galibiyette kalan Petkim&#8217;den ikili averaj \u00fcst\u00fcnl\u00fc\u011f\u00fcn\u00fc de alan Kar\u015f\u0131yaka bu hafta 7 galibiyetle d\u00fc\u015fme s\u0131n\u0131r\u0131ndaki Manisa Basket&#8217;e konuk olacak.<\/p>\n<p> Antren\u00f6r Ahmet \u00c7ak\u0131, &#8220;\u0130lk g\u00fcn, &#8216;<strong>Burada \u00e7ok s\u0131k\u0131nt\u0131 bir durum var fakat bu durumun alt\u0131ndan kalkabilecek bir kul\u00fcp varsa, o da Kar\u015f\u0131yaka&#8217;d\u0131r&#8217; demi\u015ftim. Bunun en b\u00fcy\u00fck nedeni ise Kar\u015f\u0131yaka taraftar\u0131d\u0131r. Bu galibiyeti Kar\u015f\u0131yaka taraftar\u0131na arma\u011fan ediyorum. Hakan ma\u00e7 s\u0131ras\u0131nda sakatland\u0131, Smith zehirlendi, Gallinat ise sakatl\u0131\u011f\u0131na kar\u015f\u0131n ma\u00e7a \u00e7\u0131karak elinden geleni yapt\u0131. Grup, ger\u00e7ek bir ruh ve karakter ortaya koydu&#8221;<\/strong> dedi.<\/p>\n<p> <strong>MUHS\u0130N VE GALLINAT FARKI<\/strong><\/p>\n<p> Kar\u015f\u0131yaka&#8217;ya b\u00fcy\u00fck \u00e7eki\u015fmeye sahne olan ma\u00e7ta galibiyeti Muhsin Ya\u015far ve Roberto Gallinat&#8217;\u0131n dayan\u0131lmaz performans\u0131 getirdi. Ulusal pivot Muhsin, 26 say\u0131, 13 ribaundla double double yapt\u0131. Deneyimli oyuncu ola\u011fan m\u00fcddetin son anlar\u0131nda be\u015finci faul\u00fcn\u00fc yap\u0131p oyun d\u0131\u015f\u0131 kalsa da yabanc\u0131lardan Gallinat 24 say\u0131yla ekibi zafere ta\u015f\u0131d\u0131. Uzatmada Gallinat ve Smith&#8217;in performanslar\u0131 Kaf-Kaf&#8217;a galibiyeti getirdi. Kar\u015f\u0131yakal\u0131 oyuncular ma\u00e7 sonunda de\u011ferli galibiyeti taraftarlar\u0131yla birlikte kutlad\u0131.<\/p>\n<\/div>\n<p><\/p>\n","protected":false},"excerpt":{"rendered":"<p>T\u00fcrkiye Basketbol Harika Ligi&#8217;nde d\u00fc\u015fmemeye oynayan Kar\u015f\u0131yaka, Alia\u011fa Petkimspor&#8217;u yenerek derin bir nefes ald\u0131.<\/p>\n","protected":false},"author":1,"featured_media":42584,"comment_status":"open","ping_status":"open","sticky":false,"template":"","format":"standard","meta":{"footnotes":""},"categories":[10],"tags":[242,1906,121,50],"class_list":["post-42583","post","type-post","status-publish","format-standard","has-post-thumbnail","hentry","category-basketbol","tag-galibiyet","tag-galibiyeti","tag-karsiyaka","tag-mac"],"_links":{"self":[{"href":"https:\/\/haberbesiktas.tr\/index.php?rest_route=\/wp\/v2\/posts\/42583","targetHints":{"allow":["GET"]}}],"collection":[{"href":"https:\/\/haberbesiktas.tr\/index.php?rest_route=\/wp\/v2\/posts"}],"about":[{"href":"https:\/\/haberbesiktas.tr\/index.php?rest_route=\/wp\/v2\/types\/post"}],"author":[{"embeddable":true,"href":"https:\/\/haberbesiktas.tr\/index.php?rest_route=\/wp\/v2\/users\/1"}],"replies":[{"embeddable":true,"href":"https:\/\/haberbesiktas.tr\/index.php?rest_route=%2Fwp%2Fv2%2Fcomments&post=42583"}],"version-history":[{"count":1,"href":"https:\/\/haberbesiktas.tr\/index.php?rest_route=\/wp\/v2\/posts\/42583\/revisions"}],"predecessor-version":[{"id":42585,"href":"https:\/\/haberbesiktas.tr\/index.php?rest_route=\/wp\/v2\/posts\/42583\/revisions\/42585"}],"wp:featuredmedia":[{"embeddable":true,"href":"https:\/\/haberbesiktas.tr\/index.php?rest_route=\/wp\/v2\/media\/42584"}],"wp:attachment":[{"href":"https:\/\/haberbesiktas.tr\/index.php?rest_route=%2Fwp%2Fv2%2Fmedia&parent=42583"}],"wp:term":[{"taxonomy":"category","embeddable":true,"href":"https:\/\/haberbesiktas.tr\/index.php?rest_route=%2Fwp%2Fv2%2Fcategories&post=42583"},{"taxonomy":"post_tag","embeddable":true,"href":"https:\/\/haberbesiktas.tr\/index.php?rest_route=%2Fwp%2Fv2%2Ftags&post=42583"}],"curies":[{"name":"wp","href":"https:\/\/api.w.org\/{rel}","templated":true}]}}