{"id":42598,"date":"2025-06-28T08:24:13","date_gmt":"2025-06-28T08:24:13","guid":{"rendered":"https:\/\/haberbesiktas.tr\/?p=42598"},"modified":"2025-06-28T08:24:13","modified_gmt":"2025-06-28T08:24:13","slug":"ruben-amorimden-kaleci-yaniti","status":"publish","type":"post","link":"https:\/\/haberbesiktas.tr\/?p=42598","title":{"rendered":"Ruben Amorim&#8217;den kaleci yan\u0131t\u0131!"},"content":{"rendered":"<div>UEFA Avrupa Ligi Ligi \u00e7eyrek final birinci ma\u00e7\u0131nda ge\u00e7ti\u011fimiz per\u015fembe g\u00fcn\u00fc Lyon ile deplasmanda 2-2 berabere kalan Manchester United&#8217;da kaleci Andre Onana b\u00fcy\u00fck reaksiyon alm\u0131\u015ft\u0131.<\/p>\n<p> Kamerunlu file bek\u00e7isi, Lyon&#8217;un att\u0131\u011f\u0131 iki golde de kusur yaparak tenkitlerin amac\u0131 olmu\u015ftu.<\/p>\n<p><strong>L\u0130GDE B\u0130R\u0130NC\u0130 MA\u00c7INA \u00c7IKTI<\/strong><\/p>\n<p> Bu geli\u015fmenin akabinde Manchester United&#8217;\u0131n ligde Newcastle United ile oynad\u0131\u011f\u0131 ma\u00e7ta kaleyi ulusal file bek\u00e7isi Altay Bay\u0131nd\u0131r korudu. Altay Bay\u0131nd\u0131r, 4-1 kaybedilen u\u011fra\u015fta ekibiyle birinci kez Premier Lig&#8217;de oynama f\u0131rsat\u0131 buldu.<\/p>\n<p><strong>&#8220;DAHA G\u00dc\u00c7L\u00dc D\u00d6NECE\u011e\u0130Z&#8221;<\/strong><\/p>\n<p> Ulusal file bek\u00e7isi, Newcastle United kar\u015f\u0131s\u0131nda kalesine gelen 5 isabetli \u015futta 4 gole p\u00fcr\u00fcz olamad\u0131. M\u00fcsabakan\u0131n akabinde bir payla\u015f\u0131mda bulunan 27 ya\u015f\u0131ndaki kaleci, <strong>&#8220;Bu kul\u00fcp i\u00e7in Premier Lig&#8217;de birinci ma\u00e7\u0131ma \u00e7\u0131kmaktan gurur duyuyorum. \u0130stedi\u011fimiz sonucu alamad\u0131k lakin sava\u015fmaya devam edece\u011fim. Daha g\u00fc\u00e7l\u00fc d\u00f6nece\u011fiz, inanmaya devam edelim.&#8221;<\/strong> s\u00f6zlerini kulland\u0131.<\/p>\n<p><strong>LYON MA\u00c7INDA K\u0130M OYNAYACAK?<\/strong><\/p>\n<p> Manchester United Teknik Y\u00f6neticisi Ruben Amorim, Newcastle United ma\u00e7\u0131n\u0131n akabinde Lyon ile oynanacak r\u00f6van\u015f ma\u00e7\u0131nda kalede kimin olaca\u011f\u0131na y\u00f6nelik soruya, <strong>&#8220;Beklemek zorundas\u0131n\u0131z, en yeterli 11&#8217;e karar verece\u011fim.<\/strong>&#8221; cevab\u0131n\u0131 verdi.<\/p>\n<p> Manchester United, UEFA Avrupa Ligi&#8217;nde 2-2&#8217;nin r\u00f6van\u015f\u0131nda 17 Nisan Per\u015fembe g\u00fcn\u00fc alan\u0131nda Lyon&#8217;u a\u011f\u0131rlayacak.<\/p>\n<\/div>\n<p><\/p>\n","protected":false},"excerpt":{"rendered":"<p>Manchester United Teknik Y\u00f6neticisi Ruben Amorim, &#8220;Lyon ma\u00e7\u0131nda kalede kim oynayacak?&#8221; formunda gelen soruya, &#8220;Beklemek zorundas\u0131n\u0131z, en g\u00fczel 11&#8217;e karar verece\u011fim.&#8221; cevab\u0131n\u0131 verdi.<\/p>\n","protected":false},"author":1,"featured_media":42599,"comment_status":"open","ping_status":"open","sticky":false,"template":"","format":"standard","meta":{"footnotes":""},"categories":[25],"tags":[61,487],"class_list":["post-42598","post","type-post","status-publish","format-standard","has-post-thumbnail","hentry","category-futbol","tag-lyon","tag-united"],"_links":{"self":[{"href":"https:\/\/haberbesiktas.tr\/index.php?rest_route=\/wp\/v2\/posts\/42598","targetHints":{"allow":["GET"]}}],"collection":[{"href":"https:\/\/haberbesiktas.tr\/index.php?rest_route=\/wp\/v2\/posts"}],"about":[{"href":"https:\/\/haberbesiktas.tr\/index.php?rest_route=\/wp\/v2\/types\/post"}],"author":[{"embeddable":true,"href":"https:\/\/haberbesiktas.tr\/index.php?rest_route=\/wp\/v2\/users\/1"}],"replies":[{"embeddable":true,"href":"https:\/\/haberbesiktas.tr\/index.php?rest_route=%2Fwp%2Fv2%2Fcomments&post=42598"}],"version-history":[{"count":1,"href":"https:\/\/haberbesiktas.tr\/index.php?rest_route=\/wp\/v2\/posts\/42598\/revisions"}],"predecessor-version":[{"id":42600,"href":"https:\/\/haberbesiktas.tr\/index.php?rest_route=\/wp\/v2\/posts\/42598\/revisions\/42600"}],"wp:featuredmedia":[{"embeddable":true,"href":"https:\/\/haberbesiktas.tr\/index.php?rest_route=\/wp\/v2\/media\/42599"}],"wp:attachment":[{"href":"https:\/\/haberbesiktas.tr\/index.php?rest_route=%2Fwp%2Fv2%2Fmedia&parent=42598"}],"wp:term":[{"taxonomy":"category","embeddable":true,"href":"https:\/\/haberbesiktas.tr\/index.php?rest_route=%2Fwp%2Fv2%2Fcategories&post=42598"},{"taxonomy":"post_tag","embeddable":true,"href":"https:\/\/haberbesiktas.tr\/index.php?rest_route=%2Fwp%2Fv2%2Ftags&post=42598"}],"curies":[{"name":"wp","href":"https:\/\/api.w.org\/{rel}","templated":true}]}}