{"id":42667,"date":"2025-06-28T13:00:06","date_gmt":"2025-06-28T13:00:06","guid":{"rendered":"https:\/\/haberbesiktas.tr\/?p=42667"},"modified":"2025-06-28T13:00:06","modified_gmt":"2025-06-28T13:00:06","slug":"gencler-avrupa-bowling-sampiyonasi-basladi","status":"publish","type":"post","link":"https:\/\/haberbesiktas.tr\/?p=42667","title":{"rendered":"Gen\u00e7ler Avrupa Bowling \u015eampiyonas\u0131 ba\u015flad\u0131"},"content":{"rendered":"<p>Samsun&#8217;da Gen\u00e7ler Avrupa Bowling \u015eampiyonas\u0131, birinci at\u0131\u015flarla ba\u015flad\u0131.<\/p>\n<p> Gen\u00e7ler Avrupa Bowling \u015eampiyonas\u0131&#8217;nda 25 \u00fclkeden 150&#8217;nin \u00fczerinde atlet gayret edecek. \u015eampiyonan\u0131n birinci g\u00fcn\u00fc gen\u00e7 erkeklerin at\u0131\u015flar\u0131yla ba\u015flad\u0131. G\u00fcn i\u00e7inde gen\u00e7 erkekler yar\u0131 final ma\u00e7lar\u0131 ger\u00e7ekle\u015ftirilecek.<\/p>\n<p> T\u00fcrkiye Bocce, Bowling ve Dart Federasyonu (TBBDF) Ba\u015fkan\u0131 Erhayat \u00d6zg\u00fcr Bayaz\u0131tl\u0131, AA muhabirine, \u015fampiyonada T\u00fcrkiye&#8217;yi en g\u00fczel halde temsil etmeyi hedeflediklerini s\u00f6z etti.<\/p>\n<p> T\u00fcrkiye&#8217;ye lay\u0131k bir tertip d\u00fczenlemek i\u00e7in gayret harcad\u0131klar\u0131n\u0131 Bayaz\u0131tl\u0131, \u015funlar\u0131 kaydetti:<\/p>\n<p> <strong>&#8220;\u015eampiyona \u00f6ncesinde de \u015fampiyona s\u0131ras\u0131nda da Samsun halk\u0131na, Samsun B\u00fcy\u00fck\u015fehir Belediye Ba\u015fkan\u0131, \u00f6zellikle Samsun Valimize de bu \u015fampiyonaya takviyelerinden \u00f6t\u00fcr\u00fc sizin arac\u0131l\u0131\u011f\u0131n\u0131zla te\u015fekk\u00fcr etmek istiyorum. \u0130n\u015fallah hepimize yak\u0131\u015f\u0131r bir \u015fampiyonay\u0131 tamamlayaca\u011f\u0131z. Federasyonumuza iki y\u0131l memleketler aras\u0131 \u015fampiyonalar d\u00fczenleyebilir sertifikas\u0131n\u0131 verdiler. \u00d6n\u00fcm\u00fczdeki y\u0131llarda da biz tekrar Bakanl\u0131\u011f\u0131m\u0131z\u0131n dayana\u011f\u0131yla memleketler aras\u0131 \u015fampiyonlara mesken sahipli\u011fi yapmak istiyoruz. Avrupa&#8217;n\u0131n hatta d\u00fcnyan\u0131n en b\u00fcy\u00fck bowling tesislerinden birine sahibiz. Bunu da pahaland\u0131rmak istiyoruz. Bu tesisle de \u00e2l\u00e2 atletler yeti\u015ftirerek \u00fclkemizi temsil etmek istiyoruz.&#8221;<\/strong><\/p>\n<p> \u015eampiyona ikinci g\u00fcn\u00fcnde gen\u00e7 k\u0131zlar yar\u0131 ve final at\u0131\u015flar\u0131yla devam edecek.<\/p>\n<p> \u015eampiyonan\u0131n d\u00fczenlendi\u011fi salon, Gen\u00e7lik ve Spor Bakanl\u0131\u011f\u0131 taraf\u0131ndan yapt\u0131r\u0131lan ve 2017 y\u0131l\u0131nda kullan\u0131ma a\u00e7\u0131ld\u0131. 38 \u00e7izgi ile T\u00fcrkiye&#8217;nin en b\u00fcy\u00fck, Avrupa&#8217;n\u0131n ise \u00fc\u00e7\u00fcnc\u00fc b\u00fcy\u00fck salonu \u00f6zelli\u011fini ta\u015f\u0131yor.<\/p>\n","protected":false},"excerpt":{"rendered":"<p>Gen\u00e7ler Avrupa Bowling \u015eampiyonas\u0131 Samsun&#8217;da start verdi.<\/p>\n","protected":false},"author":1,"featured_media":42668,"comment_status":"open","ping_status":"open","sticky":false,"template":"","format":"standard","meta":{"footnotes":""},"categories":[27],"tags":[334,696],"class_list":["post-42667","post","type-post","status-publish","format-standard","has-post-thumbnail","hentry","category-guncel-haberler","tag-genc","tag-sampiyona"],"_links":{"self":[{"href":"https:\/\/haberbesiktas.tr\/index.php?rest_route=\/wp\/v2\/posts\/42667","targetHints":{"allow":["GET"]}}],"collection":[{"href":"https:\/\/haberbesiktas.tr\/index.php?rest_route=\/wp\/v2\/posts"}],"about":[{"href":"https:\/\/haberbesiktas.tr\/index.php?rest_route=\/wp\/v2\/types\/post"}],"author":[{"embeddable":true,"href":"https:\/\/haberbesiktas.tr\/index.php?rest_route=\/wp\/v2\/users\/1"}],"replies":[{"embeddable":true,"href":"https:\/\/haberbesiktas.tr\/index.php?rest_route=%2Fwp%2Fv2%2Fcomments&post=42667"}],"version-history":[{"count":1,"href":"https:\/\/haberbesiktas.tr\/index.php?rest_route=\/wp\/v2\/posts\/42667\/revisions"}],"predecessor-version":[{"id":42669,"href":"https:\/\/haberbesiktas.tr\/index.php?rest_route=\/wp\/v2\/posts\/42667\/revisions\/42669"}],"wp:featuredmedia":[{"embeddable":true,"href":"https:\/\/haberbesiktas.tr\/index.php?rest_route=\/wp\/v2\/media\/42668"}],"wp:attachment":[{"href":"https:\/\/haberbesiktas.tr\/index.php?rest_route=%2Fwp%2Fv2%2Fmedia&parent=42667"}],"wp:term":[{"taxonomy":"category","embeddable":true,"href":"https:\/\/haberbesiktas.tr\/index.php?rest_route=%2Fwp%2Fv2%2Fcategories&post=42667"},{"taxonomy":"post_tag","embeddable":true,"href":"https:\/\/haberbesiktas.tr\/index.php?rest_route=%2Fwp%2Fv2%2Ftags&post=42667"}],"curies":[{"name":"wp","href":"https:\/\/api.w.org\/{rel}","templated":true}]}}