{"id":42670,"date":"2025-06-28T13:12:10","date_gmt":"2025-06-28T13:12:10","guid":{"rendered":"https:\/\/haberbesiktas.tr\/?p=42670"},"modified":"2025-06-28T13:12:10","modified_gmt":"2025-06-28T13:12:10","slug":"uefa-istanbul-temsilciligi-24-nisanda-acilacak","status":"publish","type":"post","link":"https:\/\/haberbesiktas.tr\/?p=42670","title":{"rendered":"UEFA \u0130stanbul Temsilcili\u011fi 24 Nisan&#8217;da a\u00e7\u0131lacak"},"content":{"rendered":"<div>T\u00fcrkiye Futbol Federasyonu (TFF) ile UEFA ortas\u0131ndaki uyumun h\u0131zlanmas\u0131n\u0131n ama\u00e7land\u0131\u011f\u0131 temsilcilik, TFF Levent Kasr\u0131 binas\u0131nda faaliyete ge\u00e7ecek.<\/p>\n<p> Son y\u0131llarda bir\u00e7ok milletleraras\u0131 tertibin mesken sahipli\u011fini \u00fcstlenen \u0130stanbul, Londra ve Br\u00fckse&#8217;den sonra UEFA temsilcili\u011finin a\u00e7\u0131ld\u0131\u011f\u0131 bir \u00f6b\u00fcr kent olacak.<\/p>\n<p> \u0130stanbul, 2026 UEFA Avrupa Ligi finali ve 2027 UEFA Konferans Ligi finaline konut sahipli\u011fi yapacak.<\/p>\n<p> Ayr\u0131yeten T\u00fcrkiye, 2032 Avrupa Futbol \u015eampiyonas\u0131&#8217;n\u0131 (EURO 2032) \u0130talya ile ortakla\u015fa d\u00fczenleyecek.<\/p>\n<\/div>\n<p><\/p>\n","protected":false},"excerpt":{"rendered":"<p>UEFA&#8217;n\u0131n \u0130stanbul temsilcili\u011finin a\u00e7\u0131l\u0131\u015f\u0131, 24 Nisan&#8217;da yap\u0131lacak.<\/p>\n","protected":false},"author":1,"featured_media":42671,"comment_status":"open","ping_status":"open","sticky":false,"template":"","format":"standard","meta":{"footnotes":""},"categories":[25],"tags":[],"class_list":["post-42670","post","type-post","status-publish","format-standard","has-post-thumbnail","hentry","category-futbol"],"_links":{"self":[{"href":"https:\/\/haberbesiktas.tr\/index.php?rest_route=\/wp\/v2\/posts\/42670","targetHints":{"allow":["GET"]}}],"collection":[{"href":"https:\/\/haberbesiktas.tr\/index.php?rest_route=\/wp\/v2\/posts"}],"about":[{"href":"https:\/\/haberbesiktas.tr\/index.php?rest_route=\/wp\/v2\/types\/post"}],"author":[{"embeddable":true,"href":"https:\/\/haberbesiktas.tr\/index.php?rest_route=\/wp\/v2\/users\/1"}],"replies":[{"embeddable":true,"href":"https:\/\/haberbesiktas.tr\/index.php?rest_route=%2Fwp%2Fv2%2Fcomments&post=42670"}],"version-history":[{"count":1,"href":"https:\/\/haberbesiktas.tr\/index.php?rest_route=\/wp\/v2\/posts\/42670\/revisions"}],"predecessor-version":[{"id":42672,"href":"https:\/\/haberbesiktas.tr\/index.php?rest_route=\/wp\/v2\/posts\/42670\/revisions\/42672"}],"wp:featuredmedia":[{"embeddable":true,"href":"https:\/\/haberbesiktas.tr\/index.php?rest_route=\/wp\/v2\/media\/42671"}],"wp:attachment":[{"href":"https:\/\/haberbesiktas.tr\/index.php?rest_route=%2Fwp%2Fv2%2Fmedia&parent=42670"}],"wp:term":[{"taxonomy":"category","embeddable":true,"href":"https:\/\/haberbesiktas.tr\/index.php?rest_route=%2Fwp%2Fv2%2Fcategories&post=42670"},{"taxonomy":"post_tag","embeddable":true,"href":"https:\/\/haberbesiktas.tr\/index.php?rest_route=%2Fwp%2Fv2%2Ftags&post=42670"}],"curies":[{"name":"wp","href":"https:\/\/api.w.org\/{rel}","templated":true}]}}