{"id":42682,"date":"2025-06-28T14:00:10","date_gmt":"2025-06-28T14:00:10","guid":{"rendered":"https:\/\/haberbesiktas.tr\/?p=42682"},"modified":"2025-06-28T14:00:10","modified_gmt":"2025-06-28T14:00:10","slug":"fenerbahcede-jayden-oosterwolde-gelismesi","status":"publish","type":"post","link":"https:\/\/haberbesiktas.tr\/?p=42682","title":{"rendered":"Fenerbah\u00e7e&#8217;de Jayden Oosterwolde geli\u015fmesi!"},"content":{"rendered":"<div>Fenerbah\u00e7e&#8217;de aylard\u0131r sakatl\u0131k nedeniyle alanlardan uzak olan Jayden Oosterwolde ile ilgili yeni bir geli\u015fme ya\u015fand\u0131.\u00a0<br \/> Ya\u011f\u0131z Sabuncuo\u011flu&#8217;nun haberine nazaran; Sakatl\u0131\u011f\u0131n\u0131n akabinde alanlara d\u00f6nmek i\u00e7in yurt d\u0131\u015f\u0131nda ferdi olarak \u00e7al\u0131\u015fmalar\u0131n\u0131 s\u00fcrd\u00fcren<strong> Jayden Oosterwolde, \u0130stanbul&#8217;a geldi.<\/strong><\/p>\n<p><strong>DURUMU YETERL\u0130 D\u00dcZEYE GELD\u0130<\/strong><\/p>\n<p> \u00c7al\u0131\u015fmalar\u0131na \u0130stanbul&#8217;da devam edecek Hollandal\u0131 futbolcunun durumunun yeterli d\u00fczeye geldi\u011fi belirtildi.<\/p>\n<p> <strong>AMEL\u0130YAT OLDU<br \/><\/strong><br \/>Bilindi\u011fi \u00fczere Jayden Oosterwolde, ligin 9. haftas\u0131nda Samsunspor ile oynanan ma\u00e7ta sakatlanm\u0131\u015f ve \u00f6n \u00e7apraz ba\u011flar\u0131ndan ameliyat olmu\u015ftu.<\/p>\n<p> <strong>FENERBAH\u00c7E PERFORMANSI<br \/><\/strong><br \/>Fenerbah\u00e7e&#8217;ye 2022\/23 d\u00f6neminin orta transfer devrinde kat\u0131lan Jayden Oosterwolde, sar\u0131-lacivertli ekipte 62 ma\u00e7a \u00e7\u0131karken 2 gol kaydetti. 23 ya\u015f\u0131ndaki y\u0131ld\u0131z savunmac\u0131 bu d\u00f6nem Fenerbah\u00e7e&#8217;de 14 ma\u00e7ta vazife ald\u0131.<\/p>\n<p> <strong>6 M\u0130LYON EUROYA GELD\u0130<br \/><\/strong><br \/>Sol bek d\u0131\u015f\u0131nda stoper ve orta saha sol mevkilerinde vazife yapabilen Hollandal\u0131 futbolcu, 30 Ocak 2023 tarihinde Parma&#8217;dan 6 milyon Euro bonservis bedeli kar\u015f\u0131l\u0131\u011f\u0131nda Fenerbah\u00e7e&#8217;ye transfer olmu\u015ftu. Oosterwolde&#8217;nin Sar\u0131-Lacivertli ekip ile olan mukavelesi 30 Haziran 2027 y\u0131l\u0131na kadar devam ediyor.\u00a0<\/p>\n<div>\u00a0<\/div>\n<\/div>\n<p><\/p>\n","protected":false},"excerpt":{"rendered":"<p>Fenerbah\u00e7e&#8217;de sakatl\u0131\u011f\u0131n\u0131n akabinde alanlara d\u00f6nmek i\u00e7in yurt d\u0131\u015f\u0131nda ferd\u00ee olarak \u00e7al\u0131\u015fmalar\u0131n\u0131 s\u00fcrd\u00fcren  Jayden Oosterwolde, \u0130stanbul&#8217;a geldi.<\/p>\n","protected":false},"author":1,"featured_media":42683,"comment_status":"open","ping_status":"open","sticky":false,"template":"","format":"standard","meta":{"footnotes":""},"categories":[25],"tags":[115,3203],"class_list":["post-42682","post","type-post","status-publish","format-standard","has-post-thumbnail","hentry","category-futbol","tag-fenerbahce","tag-oosterwolde"],"_links":{"self":[{"href":"https:\/\/haberbesiktas.tr\/index.php?rest_route=\/wp\/v2\/posts\/42682","targetHints":{"allow":["GET"]}}],"collection":[{"href":"https:\/\/haberbesiktas.tr\/index.php?rest_route=\/wp\/v2\/posts"}],"about":[{"href":"https:\/\/haberbesiktas.tr\/index.php?rest_route=\/wp\/v2\/types\/post"}],"author":[{"embeddable":true,"href":"https:\/\/haberbesiktas.tr\/index.php?rest_route=\/wp\/v2\/users\/1"}],"replies":[{"embeddable":true,"href":"https:\/\/haberbesiktas.tr\/index.php?rest_route=%2Fwp%2Fv2%2Fcomments&post=42682"}],"version-history":[{"count":1,"href":"https:\/\/haberbesiktas.tr\/index.php?rest_route=\/wp\/v2\/posts\/42682\/revisions"}],"predecessor-version":[{"id":42684,"href":"https:\/\/haberbesiktas.tr\/index.php?rest_route=\/wp\/v2\/posts\/42682\/revisions\/42684"}],"wp:featuredmedia":[{"embeddable":true,"href":"https:\/\/haberbesiktas.tr\/index.php?rest_route=\/wp\/v2\/media\/42683"}],"wp:attachment":[{"href":"https:\/\/haberbesiktas.tr\/index.php?rest_route=%2Fwp%2Fv2%2Fmedia&parent=42682"}],"wp:term":[{"taxonomy":"category","embeddable":true,"href":"https:\/\/haberbesiktas.tr\/index.php?rest_route=%2Fwp%2Fv2%2Fcategories&post=42682"},{"taxonomy":"post_tag","embeddable":true,"href":"https:\/\/haberbesiktas.tr\/index.php?rest_route=%2Fwp%2Fv2%2Ftags&post=42682"}],"curies":[{"name":"wp","href":"https:\/\/api.w.org\/{rel}","templated":true}]}}