{"id":42894,"date":"2025-06-29T03:48:11","date_gmt":"2025-06-29T03:48:11","guid":{"rendered":"https:\/\/haberbesiktas.tr\/?p=42894"},"modified":"2025-06-29T03:48:11","modified_gmt":"2025-06-29T03:48:11","slug":"okan-buruk-super-ligin-genc-yildizini-begendi","status":"publish","type":"post","link":"https:\/\/haberbesiktas.tr\/?p=42894","title":{"rendered":"Okan Buruk, S\u00fcper Lig&#8217;in gen\u00e7 y\u0131ld\u0131z\u0131n\u0131 be\u011fendi!"},"content":{"rendered":"<div>Trendyol S\u00fcper Lig&#8217;de \u00f6nder pozisyonda bulunan Galatasaray&#8217;da s\u0131cak geli\u015fmeler ya\u015fan\u0131yor. Sar\u0131 k\u0131rm\u0131z\u0131l\u0131lar bir yandan d\u00f6nemi keyifli sonla tamamlamak isterken, bir yandan da transfer \u00e7al\u0131\u015fmalar\u0131na devam ediyor. Bu do\u011frultuda Cimbom hem yurt i\u00e7i hem de yurt d\u0131\u015f\u0131nda oyuncu aray\u0131\u015f\u0131n\u0131 s\u00fcrd\u00fcr\u00fcyor.<\/p>\n<p> A Spor&#8217;da yer alan habere nazaran; Listesinde bir\u00e7ok de\u011ferli y\u0131ld\u0131z bulunan Galatasaray, Net K\u00fcresel Sivasspor&#8217;dan Bekir Tura\u00e7 B\u00f6ke&#8217;yi yak\u0131n takibe ald\u0131.<\/p>\n<p> <span><strong>BU D\u00d6NEM 7 GOLE KATKI<\/strong><\/span><\/p>\n<p> Bu d\u00f6nem Net K\u00fcresel Sivasspor formas\u0131yla 27 ma\u00e7a \u00e7\u0131kan ve 670 dakika alanda kalan Bekir Tura\u00e7 B\u00f6ke, 5 gol ile 2 asistlik katk\u0131 sa\u011flad\u0131.<\/p>\n<p> <span><strong>S\u0130VASSPOR&#8217;DA \u00d6NE \u00c7IKTI<\/strong><\/span><\/p>\n<p> Mak\u00fbs bir d\u00f6nem ge\u00e7iren Net K\u00fcresel Sivasspor&#8217;da de\u011ferli skorlar \u00fcreten Bekir Tura\u00e7 B\u00f6ke, ger\u00e7ek potansiyeline yak\u0131nla\u015fmas\u0131yla birlikte hem Galatasaray&#8217;\u0131n hem de Vincenzo Montella&#8217;n\u0131n radar\u0131na tak\u0131ld\u0131.\u00a0<\/p>\n<div>\u00a0<\/div>\n<\/div>\n<p><\/p>\n","protected":false},"excerpt":{"rendered":"<p>Galatasaray, Sivasspor&#8217;un gen\u00e7 y\u0131ld\u0131z\u0131 Bekir Tura\u00e7 B\u00f6ke&#8217;yi yak\u0131n takibe ald\u0131.<\/p>\n","protected":false},"author":1,"featured_media":42895,"comment_status":"open","ping_status":"open","sticky":false,"template":"","format":"standard","meta":{"footnotes":""},"categories":[25],"tags":[],"class_list":["post-42894","post","type-post","status-publish","format-standard","has-post-thumbnail","hentry","category-futbol"],"_links":{"self":[{"href":"https:\/\/haberbesiktas.tr\/index.php?rest_route=\/wp\/v2\/posts\/42894","targetHints":{"allow":["GET"]}}],"collection":[{"href":"https:\/\/haberbesiktas.tr\/index.php?rest_route=\/wp\/v2\/posts"}],"about":[{"href":"https:\/\/haberbesiktas.tr\/index.php?rest_route=\/wp\/v2\/types\/post"}],"author":[{"embeddable":true,"href":"https:\/\/haberbesiktas.tr\/index.php?rest_route=\/wp\/v2\/users\/1"}],"replies":[{"embeddable":true,"href":"https:\/\/haberbesiktas.tr\/index.php?rest_route=%2Fwp%2Fv2%2Fcomments&post=42894"}],"version-history":[{"count":1,"href":"https:\/\/haberbesiktas.tr\/index.php?rest_route=\/wp\/v2\/posts\/42894\/revisions"}],"predecessor-version":[{"id":42896,"href":"https:\/\/haberbesiktas.tr\/index.php?rest_route=\/wp\/v2\/posts\/42894\/revisions\/42896"}],"wp:featuredmedia":[{"embeddable":true,"href":"https:\/\/haberbesiktas.tr\/index.php?rest_route=\/wp\/v2\/media\/42895"}],"wp:attachment":[{"href":"https:\/\/haberbesiktas.tr\/index.php?rest_route=%2Fwp%2Fv2%2Fmedia&parent=42894"}],"wp:term":[{"taxonomy":"category","embeddable":true,"href":"https:\/\/haberbesiktas.tr\/index.php?rest_route=%2Fwp%2Fv2%2Fcategories&post=42894"},{"taxonomy":"post_tag","embeddable":true,"href":"https:\/\/haberbesiktas.tr\/index.php?rest_route=%2Fwp%2Fv2%2Ftags&post=42894"}],"curies":[{"name":"wp","href":"https:\/\/api.w.org\/{rel}","templated":true}]}}