{"id":42906,"date":"2025-06-29T04:36:06","date_gmt":"2025-06-29T04:36:06","guid":{"rendered":"https:\/\/haberbesiktas.tr\/?p=42906"},"modified":"2025-06-29T04:36:06","modified_gmt":"2025-06-29T04:36:06","slug":"kroenke-porter-jr-ile-ilgili-takas-dedikodularina-aciklik-getirdi","status":"publish","type":"post","link":"https:\/\/haberbesiktas.tr\/?p=42906","title":{"rendered":"Kroenke, Porter Jr. ile ilgili takas dedikodular\u0131na a\u00e7\u0131kl\u0131k getirdi"},"content":{"rendered":"<div>Denver Nuggets&#8217;\u0131n sahibi Josh Kroenke, grubun y\u0131ld\u0131z forveti Michael Porter Jr.&#8217;\u0131n takas edilmesine p\u00fcr\u00fcz olaca\u011f\u0131 istikametindeki savlar\u0131 sert bir lisanla yalanlad\u0131.<\/p>\n<p> Pazartesi g\u00fcn\u00fc d\u00fczenlenen bas\u0131n toplant\u0131s\u0131nda konu\u015fan Kroenke, hem kendisinin hem de Kroenke ailesinin muhtemel bir Porter takas\u0131na kar\u015f\u0131 \u00e7\u0131kaca\u011f\u0131 taraf\u0131ndaki spek\u00fclasyonlar\u0131n <strong>&#8220;tamamen as\u0131ls\u0131z&#8221;<\/strong> oldu\u011funu belirtti.<\/p>\n<p> Birtak\u0131m medya organlar\u0131nda \u00e7\u0131kan haberlerde, Nuggets idaresinin Porter&#8217;la olan ba\u011flar\u0131 nedeniyle bu cins at\u0131l\u0131mlara uzakl\u0131kl\u0131 durdu\u011fu arg\u00fcman edilmi\u015fti. Fakat Kroenke bu s\u00f6ylentilere net bir lisanla kar\u015f\u0131 \u00e7\u0131kt\u0131 ve tertibin kadronun menfaatine olacak her t\u00fcrl\u00fc ata\u011fa a\u00e7\u0131k oldu\u011funu s\u00f6yledi.<\/p>\n<p> <strong>&#8220;Michael ile gurur duyuyorum,<\/strong>&#8221; diyen Kroenke, oyuncunun ge\u00e7irdi\u011fi kuvvetli sakatl\u0131k s\u00fcre\u00e7lerine ve \u015fahs\u00ee zorluklara de\u011findi<strong>. &#8220;Birka\u00e7 bel ameliyat\u0131 ge\u00e7irdi, ini\u015fli \u00e7\u0131k\u0131\u015fl\u0131 devirler ya\u015fad\u0131 lakin her \u015feye kar\u015f\u0131n bizim i\u00e7in pahal\u0131 bir katk\u0131 vermeye devam etti.&#8221;<\/strong><\/p>\n<p> Porter, bu d\u00f6nem 18.2 say\u0131, 7.0 ribaund ve 2.1 asist ortalamalar\u0131 yakalad\u0131. 26 ya\u015f\u0131ndaki oyuncu, be\u015f y\u0131ll\u0131k 179 milyon dolarl\u0131k mukavelesinin \u00fc\u00e7\u00fcnc\u00fc y\u0131l\u0131n\u0131 tamamlad\u0131.<\/p>\n<p> Birtak\u0131m tezlere nazaran, Porter ile Kroenke ailesinin Missouri \u00dcniversitesi&#8217;nden gelen ortak ge\u00e7mi\u015fi, bu ba\u011fa duygusal bir ba\u011f kat\u0131yor. Fakat Kroenke, <strong>&#8220;Tak\u0131m muvaffakiyetini ki\u015fisel ba\u011fl\u0131l\u0131klar\u0131n \u00f6n\u00fcnde fiyat\u0131m,&#8221;<\/strong> diyerek bu ba\u011f\u0131 bir takas p\u00fcr\u00fcz\u00fc olarak g\u00f6rmedi\u011fini s\u00f6z etti.<\/p>\n<p> <strong>&#8220;Bir oyuncunun duygusal pahas\u0131, ekibin gelece\u011fini etkileyemez. Tertip i\u00e7inde tam bir ahenk sa\u011flanmadan hi\u00e7bir takas ger\u00e7ekle\u015fmez.&#8221;<\/strong><\/p>\n<p> Porter&#8217;\u0131n gelece\u011fi \u015fimdilik belirsizli\u011fini korusa da, \u015fu anda Denver&#8217;\u0131n \u015fampiyonluk gayeli \u00e7ekirdek tak\u0131m\u0131n\u0131n k\u0131ymetli bir mod\u00fcl\u00fc olmaya devam ediyor.<\/p>\n<\/div>\n<p><\/p>\n","protected":false},"excerpt":{"rendered":"<p>Denver Nuggets&#8217;\u0131n sahibi Josh Kroenke, ekibin y\u0131ld\u0131z forveti Michael Porter Jr.&#8217;\u0131n takas edilmesine mahzur olaca\u011f\u0131 taraf\u0131ndaki tezleri sert bir lisanla yalanlad\u0131.<\/p>\n","protected":false},"author":1,"featured_media":42907,"comment_status":"open","ping_status":"open","sticky":false,"template":"","format":"standard","meta":{"footnotes":""},"categories":[10],"tags":[3213],"class_list":["post-42906","post","type-post","status-publish","format-standard","has-post-thumbnail","hentry","category-basketbol","tag-porter"],"_links":{"self":[{"href":"https:\/\/haberbesiktas.tr\/index.php?rest_route=\/wp\/v2\/posts\/42906","targetHints":{"allow":["GET"]}}],"collection":[{"href":"https:\/\/haberbesiktas.tr\/index.php?rest_route=\/wp\/v2\/posts"}],"about":[{"href":"https:\/\/haberbesiktas.tr\/index.php?rest_route=\/wp\/v2\/types\/post"}],"author":[{"embeddable":true,"href":"https:\/\/haberbesiktas.tr\/index.php?rest_route=\/wp\/v2\/users\/1"}],"replies":[{"embeddable":true,"href":"https:\/\/haberbesiktas.tr\/index.php?rest_route=%2Fwp%2Fv2%2Fcomments&post=42906"}],"version-history":[{"count":1,"href":"https:\/\/haberbesiktas.tr\/index.php?rest_route=\/wp\/v2\/posts\/42906\/revisions"}],"predecessor-version":[{"id":42908,"href":"https:\/\/haberbesiktas.tr\/index.php?rest_route=\/wp\/v2\/posts\/42906\/revisions\/42908"}],"wp:featuredmedia":[{"embeddable":true,"href":"https:\/\/haberbesiktas.tr\/index.php?rest_route=\/wp\/v2\/media\/42907"}],"wp:attachment":[{"href":"https:\/\/haberbesiktas.tr\/index.php?rest_route=%2Fwp%2Fv2%2Fmedia&parent=42906"}],"wp:term":[{"taxonomy":"category","embeddable":true,"href":"https:\/\/haberbesiktas.tr\/index.php?rest_route=%2Fwp%2Fv2%2Fcategories&post=42906"},{"taxonomy":"post_tag","embeddable":true,"href":"https:\/\/haberbesiktas.tr\/index.php?rest_route=%2Fwp%2Fv2%2Ftags&post=42906"}],"curies":[{"name":"wp","href":"https:\/\/api.w.org\/{rel}","templated":true}]}}