{"id":42918,"date":"2025-06-29T05:24:07","date_gmt":"2025-06-29T05:24:07","guid":{"rendered":"https:\/\/haberbesiktas.tr\/?p=42918"},"modified":"2025-06-29T05:24:07","modified_gmt":"2025-06-29T05:24:07","slug":"galatasaray-o-dunya-yildizi-icin-kollari-sivadi","status":"publish","type":"post","link":"https:\/\/haberbesiktas.tr\/?p=42918","title":{"rendered":"Galatasaray, o d\u00fcnya y\u0131ld\u0131z\u0131 i\u00e7in kollar\u0131 s\u0131vad\u0131!"},"content":{"rendered":"<div>Galatasaray transfer periyodunda futbol d\u00fcnyas\u0131n\u0131 yeniden sarsmaya haz\u0131rlan\u0131yor.<\/p>\n<p> Portekiz&#8217;in A Bola gazetesinin haberine nazaran Cimbom, Manchester City&#8217;nin y\u0131ld\u0131z\u0131 Bernando Silva&#8217;y\u0131 tak\u0131m\u0131na katmak istiyor.<\/p>\n<p> <strong>TEK TAL\u0130P GALATASARAY DE\u011e\u0130L<\/strong><\/p>\n<p> \u0130ngiliz kul\u00fcb\u00fcn\u00fcn satmaya karar verdi\u011fi 30 ya\u015f\u0131ndaki 10 numaran\u0131n birinci talibi Benfica oldu.<\/p>\n<p> Lakin Silva konusunda Benfica&#8217;n\u0131n kuvvetli rakipleri oldu\u011fu ve bunlar ortas\u0131nda Galatasaray ile Barcelona&#8217;n\u0131n da yer ald\u0131\u011f\u0131 belirtildi.<\/p>\n<p> Benfica&#8217;n\u0131n y\u00fcksek maa\u015f \u00f6demeyi d\u00fc\u015f\u00fcnmedi\u011fi, Barcelona&#8217;da ise yedek kalma ihtimali y\u00fcksek oldu\u011fu i\u00e7in deneyimli futbolcunun Galatasaray&#8217;\u0131 tercih edebilece\u011fi kaydedildi.<\/p>\n<p> <strong>PERFORMANSI<\/strong><\/p>\n<p> Bir y\u0131l daha kontrat\u0131 olan Bernando Silva, bu d\u00f6nem 27 ma\u00e7ta 2 gol, 4 asistle beklentilerin \u00e7ok alt\u0131nda kald\u0131.\u00a0<\/p>\n<div>\u00a0<\/div>\n<\/div>\n<p><\/p>\n","protected":false},"excerpt":{"rendered":"<p>Yeni d\u00f6nem i\u00e7in transfer \u00e7al\u0131\u015fmalar\u0131n\u0131 s\u00fcrd\u00fcren Galatasaray, d\u00f6nem sonu futbolu b\u0131rakmay\u0131 planlayan Dries Mertens yerine y\u0131ld\u0131z bir oyuncu transferi planl\u0131yor. Sar\u0131-K\u0131rm\u0131z\u0131l\u0131lar\u0131n amac\u0131ndaki birinci isim Manchester City formas\u0131 giyen Bernardo Silva.<\/p>\n","protected":false},"author":1,"featured_media":42919,"comment_status":"open","ping_status":"open","sticky":false,"template":"","format":"standard","meta":{"footnotes":""},"categories":[25],"tags":[],"class_list":["post-42918","post","type-post","status-publish","format-standard","has-post-thumbnail","hentry","category-futbol"],"_links":{"self":[{"href":"https:\/\/haberbesiktas.tr\/index.php?rest_route=\/wp\/v2\/posts\/42918","targetHints":{"allow":["GET"]}}],"collection":[{"href":"https:\/\/haberbesiktas.tr\/index.php?rest_route=\/wp\/v2\/posts"}],"about":[{"href":"https:\/\/haberbesiktas.tr\/index.php?rest_route=\/wp\/v2\/types\/post"}],"author":[{"embeddable":true,"href":"https:\/\/haberbesiktas.tr\/index.php?rest_route=\/wp\/v2\/users\/1"}],"replies":[{"embeddable":true,"href":"https:\/\/haberbesiktas.tr\/index.php?rest_route=%2Fwp%2Fv2%2Fcomments&post=42918"}],"version-history":[{"count":1,"href":"https:\/\/haberbesiktas.tr\/index.php?rest_route=\/wp\/v2\/posts\/42918\/revisions"}],"predecessor-version":[{"id":42920,"href":"https:\/\/haberbesiktas.tr\/index.php?rest_route=\/wp\/v2\/posts\/42918\/revisions\/42920"}],"wp:featuredmedia":[{"embeddable":true,"href":"https:\/\/haberbesiktas.tr\/index.php?rest_route=\/wp\/v2\/media\/42919"}],"wp:attachment":[{"href":"https:\/\/haberbesiktas.tr\/index.php?rest_route=%2Fwp%2Fv2%2Fmedia&parent=42918"}],"wp:term":[{"taxonomy":"category","embeddable":true,"href":"https:\/\/haberbesiktas.tr\/index.php?rest_route=%2Fwp%2Fv2%2Fcategories&post=42918"},{"taxonomy":"post_tag","embeddable":true,"href":"https:\/\/haberbesiktas.tr\/index.php?rest_route=%2Fwp%2Fv2%2Ftags&post=42918"}],"curies":[{"name":"wp","href":"https:\/\/api.w.org\/{rel}","templated":true}]}}