{"id":42921,"date":"2025-06-29T05:36:05","date_gmt":"2025-06-29T05:36:05","guid":{"rendered":"https:\/\/haberbesiktas.tr\/?p=42921"},"modified":"2025-06-29T05:36:05","modified_gmt":"2025-06-29T05:36:05","slug":"halkbankta-ikinci-radostin-stoychev-donemi-basladi","status":"publish","type":"post","link":"https:\/\/haberbesiktas.tr\/?p=42921","title":{"rendered":"Halkbank&#8217;ta ikinci Radostin Stoychev d\u00f6nemi ba\u015flad\u0131"},"content":{"rendered":"<p>Halkbank Erkek Voleybol Ekibi&#8217;nde ikinci vazife periyoduna ba\u015flayan Bulgar ba\u015fantren\u00f6r Radostin Stoychev, <strong>&#8220;Yeni gelmedim, geri geldim.&#8221;<\/strong> dedi.<\/p>\n<p> Kul\u00fcpten yap\u0131lan a\u00e7\u0131klamada g\u00f6r\u00fc\u015flerine yer verilen Stoychev, ba\u015f\u015fehir tak\u0131m\u0131nda ahenk sorunu ya\u015famad\u0131\u011f\u0131n\u0131n alt\u0131n\u0131 \u00e7izerek,<strong> &#8220;Yeni gelmedim, geri geldim. Sahiden ve b\u00fcy\u00fck bir samimiyetle bu t\u00fcrl\u00fc hissediyorum. \u00c7\u00fcnk\u00fc burada yine g\u00f6rd\u00fc\u011f\u00fcmde beni keyifli eden bir\u00e7ok insan var. Hepsinin y\u00fcz\u00fcnden olumlu g\u00fc\u00e7 f\u0131\u015fk\u0131r\u0131yor. Benim i\u00e7in fark yaratan da bu. Etraf\u0131mda olumlu, birlikte bir \u015feyler ba\u015farmak isteyen be\u015ferler g\u00f6rd\u00fc\u011f\u00fcmde ben de memnun oluyorum. Bu y\u00fczden nitekim geri geldi\u011fimi hissediyorum.&#8221;<\/strong> s\u00f6zlerini kulland\u0131.<\/p>\n<p> Halkbank&#8217;\u0131n d\u00fczeyinin \u00e7ok geli\u015fti\u011fini g\u00f6zlemledi\u011fini aktaran ba\u015fantern\u00f6r, \u015f\u00f6yle devam etti:<\/p>\n<p> &#8220;Avrupa&#8217;n\u0131n en \u00e2l\u00e2 organize olmu\u015f kul\u00fcplerinden biri ve bu kul\u00fcb\u00fcn bir mod\u00fcl\u00fc olmaktan \u00e7ok memnunum. T\u00fcrk voleybolu da \u00e7ok de\u011fi\u015fmi\u015f. \u0130zleyebildi\u011fim ma\u00e7larda bunu g\u00f6rd\u00fcm. 5-6 ekibin y\u00fcksek seviyede oldu\u011funu s\u00f6ylemeliyim. B\u00fcy\u00fck, deneyimli isimler oynuyor. Gelecek d\u00f6nem bizim i\u00e7in katiyen enteresan olacak. Y\u00fcksek d\u00fczeyde ge\u00e7ece\u011fine inand\u0131\u011f\u0131m \u00e7eki\u015fmede yer alaca\u011f\u0131m i\u00e7in heyecanl\u0131y\u0131m. Yeni d\u00f6neme ba\u015flamak i\u00e7in sab\u0131rs\u0131z\u0131m. Bu, benim i\u00e7imde derin bir his. Gelecek d\u00f6nem yeterli sonu\u00e7lar almak i\u00e7in h\u0131rs\u0131m\u0131z var.&#8221;<\/p>\n<p> Stoychev, Halkbank&#8217;\u0131n, ikinci devrinde de \u015eampiyonlar Ligi D\u00f6rtl\u00fc Finali&#8217;nde yer alaca\u011f\u0131n\u0131n hat\u0131rlat\u0131lmas\u0131 \u00fczerine, <strong>&#8220;Bu ger\u00e7ek lakin ben 8 kez \u015eampiyonlar Ligi D\u00f6rtl\u00fc Finali&#8217;nde yer ald\u0131m. Bu, benim i\u00e7in yeni bir \u015fey de\u011fil. Yani 9. d\u00f6rtl\u00fc finalimi oynayaca\u011f\u0131m ve k\u00e2fi tecr\u00fcbem var. Lakin bu y\u0131lki d\u00f6rtl\u00fc final i\u00e7in benim bir katk\u0131m olmad\u0131. Bu muvaffakiyetin sahibi kul\u00fcp ve evvelki teknik heyet. Ancak elbette orada muvaffakiyet i\u00e7in elimden gelenin en g\u00fczelini yapaca\u011f\u0131m.&#8221;<\/strong> de\u011ferlendirmesinde bulundu.<\/p>\n<p> Halkbank&#8217;ta daha evvel 2013-2014 d\u00f6neminde vazife yapan 55 ya\u015f\u0131ndaki Radostin Stoychev, mesle\u011finde \u00e7al\u0131\u015ft\u0131rd\u0131\u011f\u0131 ekiplerle 3 CEV \u015eampiyonlar Ligi, 4 de D\u00fcnya Kul\u00fcpler \u015eampiyonas\u0131 kupas\u0131 kazand\u0131.<\/p>\n","protected":false},"excerpt":{"rendered":"<p>Halkbank eski ba\u015fantren\u00f6r Radostin Stoychev misyona getirildi.<\/p>\n","protected":false},"author":1,"featured_media":42922,"comment_status":"open","ping_status":"open","sticky":false,"template":"","format":"standard","meta":{"footnotes":""},"categories":[39],"tags":[],"class_list":["post-42921","post","type-post","status-publish","format-standard","has-post-thumbnail","hentry","category-voleybol"],"_links":{"self":[{"href":"https:\/\/haberbesiktas.tr\/index.php?rest_route=\/wp\/v2\/posts\/42921","targetHints":{"allow":["GET"]}}],"collection":[{"href":"https:\/\/haberbesiktas.tr\/index.php?rest_route=\/wp\/v2\/posts"}],"about":[{"href":"https:\/\/haberbesiktas.tr\/index.php?rest_route=\/wp\/v2\/types\/post"}],"author":[{"embeddable":true,"href":"https:\/\/haberbesiktas.tr\/index.php?rest_route=\/wp\/v2\/users\/1"}],"replies":[{"embeddable":true,"href":"https:\/\/haberbesiktas.tr\/index.php?rest_route=%2Fwp%2Fv2%2Fcomments&post=42921"}],"version-history":[{"count":1,"href":"https:\/\/haberbesiktas.tr\/index.php?rest_route=\/wp\/v2\/posts\/42921\/revisions"}],"predecessor-version":[{"id":42923,"href":"https:\/\/haberbesiktas.tr\/index.php?rest_route=\/wp\/v2\/posts\/42921\/revisions\/42923"}],"wp:featuredmedia":[{"embeddable":true,"href":"https:\/\/haberbesiktas.tr\/index.php?rest_route=\/wp\/v2\/media\/42922"}],"wp:attachment":[{"href":"https:\/\/haberbesiktas.tr\/index.php?rest_route=%2Fwp%2Fv2%2Fmedia&parent=42921"}],"wp:term":[{"taxonomy":"category","embeddable":true,"href":"https:\/\/haberbesiktas.tr\/index.php?rest_route=%2Fwp%2Fv2%2Fcategories&post=42921"},{"taxonomy":"post_tag","embeddable":true,"href":"https:\/\/haberbesiktas.tr\/index.php?rest_route=%2Fwp%2Fv2%2Ftags&post=42921"}],"curies":[{"name":"wp","href":"https:\/\/api.w.org\/{rel}","templated":true}]}}