{"id":42930,"date":"2025-06-29T06:12:07","date_gmt":"2025-06-29T06:12:07","guid":{"rendered":"https:\/\/haberbesiktas.tr\/?p=42930"},"modified":"2025-06-29T06:12:07","modified_gmt":"2025-06-29T06:12:07","slug":"galatasarayda-divan-kurulu-toplantisi-yapilacak","status":"publish","type":"post","link":"https:\/\/haberbesiktas.tr\/?p=42930","title":{"rendered":"Galatasaray&#8217;da Divan Kurulu toplant\u0131s\u0131 yap\u0131lacak"},"content":{"rendered":"<p>Galatasaray Kul\u00fcb\u00fcnde nisan ay\u0131 ola\u011fan Divan Kurulu toplant\u0131s\u0131 \u00e7ar\u015famba yap\u0131lacak.<\/p>\n<p> Sar\u0131-k\u0131rm\u0131z\u0131l\u0131 kul\u00fcpten yap\u0131lan a\u00e7\u0131klamaya nazaran toplant\u0131, Ali Sami Yen Spor Kompleksi RAMS Park \u00d6zhan Canayd\u0131n Konferans Salonu&#8217;nda d\u00fczenlenecek ve <strong>saat 13.30&#8217;da ba\u015flayacak.<\/strong><\/p>\n<p> Toplant\u0131da <strong>1 Haziran 2024-28 \u015eubat 2025 periyoduna ait 9 ayl\u0131k finansal raporla ilgili sunum yap\u0131lacak.<\/strong><\/p>\n<p><strong>Galatasaray Divan Konseyi&#8217;nden yap\u0131lan a\u00e7\u0131klamaya nazaran g\u00fcndem \u015fu formda:<\/strong><\/p>\n<p> &#8220;* Mart ay\u0131na ili\u015fkin toplant\u0131 tutana\u011f\u0131n\u0131n takdimi ve oya sunulmas\u0131,<\/p>\n<p> * Divan Ba\u015fkanl\u0131\u011f\u0131na gelen evrak\u0131n okunmas\u0131,<\/p>\n<p> * Galatasaray Sportif A.\u015e&#8217;nin 1 Haziran 2024 \u2013 28 \u015eubat 2025 periyoduna ait 9 ayl\u0131k finansal raporlar\u0131yla ilgili bilgi sunumu,<\/p>\n<p> * 26 Nisan 2025 Cumartesi g\u00fcn\u00fc saat 10.00&#8217;da Hali\u00e7 Kongre Merkezi&#8217;nde yap\u0131lacak Kul\u00fcp Y\u0131ll\u0131k Ola\u011fan B\u00fct\u00e7e Toplant\u0131s\u0131&#8217;yla ilgili genel g\u00f6r\u00fc\u015fme,<\/p>\n<p> * Kul\u00fcb\u00fcm\u00fcz\u00fc ilgilendiren de\u011ferli ve yeni hususlar hakk\u0131nda i\u015ftirak\u00e7ilere kelam verilmesi&#8221;<\/p>\n<p><\/p>\n","protected":false},"excerpt":{"rendered":"<p>Galatasaray Kul\u00fcb\u00fcnde Divan Kurulu toplant\u0131s\u0131 \u00e7ar\u015famba g\u00fcn\u00fc ger\u00e7ekle\u015ftirilecek.<\/p>\n","protected":false},"author":1,"featured_media":42931,"comment_status":"open","ping_status":"open","sticky":false,"template":"","format":"standard","meta":{"footnotes":""},"categories":[25],"tags":[284],"class_list":["post-42930","post","type-post","status-publish","format-standard","has-post-thumbnail","hentry","category-futbol","tag-toplanti"],"_links":{"self":[{"href":"https:\/\/haberbesiktas.tr\/index.php?rest_route=\/wp\/v2\/posts\/42930","targetHints":{"allow":["GET"]}}],"collection":[{"href":"https:\/\/haberbesiktas.tr\/index.php?rest_route=\/wp\/v2\/posts"}],"about":[{"href":"https:\/\/haberbesiktas.tr\/index.php?rest_route=\/wp\/v2\/types\/post"}],"author":[{"embeddable":true,"href":"https:\/\/haberbesiktas.tr\/index.php?rest_route=\/wp\/v2\/users\/1"}],"replies":[{"embeddable":true,"href":"https:\/\/haberbesiktas.tr\/index.php?rest_route=%2Fwp%2Fv2%2Fcomments&post=42930"}],"version-history":[{"count":1,"href":"https:\/\/haberbesiktas.tr\/index.php?rest_route=\/wp\/v2\/posts\/42930\/revisions"}],"predecessor-version":[{"id":42932,"href":"https:\/\/haberbesiktas.tr\/index.php?rest_route=\/wp\/v2\/posts\/42930\/revisions\/42932"}],"wp:featuredmedia":[{"embeddable":true,"href":"https:\/\/haberbesiktas.tr\/index.php?rest_route=\/wp\/v2\/media\/42931"}],"wp:attachment":[{"href":"https:\/\/haberbesiktas.tr\/index.php?rest_route=%2Fwp%2Fv2%2Fmedia&parent=42930"}],"wp:term":[{"taxonomy":"category","embeddable":true,"href":"https:\/\/haberbesiktas.tr\/index.php?rest_route=%2Fwp%2Fv2%2Fcategories&post=42930"},{"taxonomy":"post_tag","embeddable":true,"href":"https:\/\/haberbesiktas.tr\/index.php?rest_route=%2Fwp%2Fv2%2Ftags&post=42930"}],"curies":[{"name":"wp","href":"https:\/\/api.w.org\/{rel}","templated":true}]}}