{"id":42972,"date":"2025-06-29T09:00:08","date_gmt":"2025-06-29T09:00:08","guid":{"rendered":"https:\/\/haberbesiktas.tr\/?p=42972"},"modified":"2025-06-29T09:00:08","modified_gmt":"2025-06-29T09:00:08","slug":"nazillispor-baskani-sahin-kaya-takimin-adi-dogugucu-olacak","status":"publish","type":"post","link":"https:\/\/haberbesiktas.tr\/?p=42972","title":{"rendered":"Nazillispor Ba\u015fkan\u0131 \u015eahin Kaya: Tak\u0131m\u0131n ad\u0131 Do\u011fug\u00fcc\u00fc olacak"},"content":{"rendered":"<div>2&#8217;nci Lig K\u0131rm\u0131z\u0131 K\u00fcme&#8217;de ge\u00e7en hafta deplasmanda Beyo\u011flu Yeni \u00c7ar\u015f\u0131 Spor&#8217;a 6-1 yenilerek resmen 3&#8217;\u00fcnc\u00fc Lig&#8217;e d\u00fc\u015fen Nazillispor&#8217;un Ba\u015fkan\u0131 \u015eahin Kaya yine sert a\u00e7\u0131klamalarda bulunup takviye bulamad\u0131klar\u0131 i\u00e7in ekibin ismini de\u011fi\u015ftirece\u011fini s\u00f6yledi. <\/p>\n<p>Destek bulamad\u0131klar\u0131n\u0131 belirten Kaya, Nazillispor ismini gelecek y\u0131l Do\u011fug\u00fcc\u00fc yapaca\u011f\u0131n\u0131 duyurdu. Nazillispor i\u00e7in \u00e7abalayan \u00e7ok az insan oldu\u011funu s\u00f6z eden \u015eahin Kaya, <strong>&#8220;Ben ister miydim ekibin k\u00fcme d\u00fc\u015fmesini. Nazillispor sevdas\u0131na ben kalp krizi ge\u00e7irdim. Kimseden takviye g\u00f6rmedik. Yemin ederim ki bu kadronun ismini de\u011fi\u015ftirece\u011fim. Nazilli profesyonel grup hak etmiyor. Bu kul\u00fcp, vaktinde belediyenin t\u00fcm imkanlar\u0131na kar\u015f\u0131n bile k\u00fcme d\u00fc\u015ft\u00fc&#8221;<\/strong> dedi.<\/p>\n<p> 1984 y\u0131l\u0131nda kurulan Nazillispor d\u00f6nem ba\u015f\u0131nda \u015firketle\u015fmeye gitmi\u015fti.<\/p>\n<\/div>\n<p><\/p>\n","protected":false},"excerpt":{"rendered":"<p>Nazillispor&#8217;un Ba\u015fkan\u0131 \u015eahin Kaya sert a\u00e7\u0131klamalarda bulunup dayanak bulamad\u0131klar\u0131 i\u00e7in kadronun ismini de\u011fi\u015ftirece\u011fini s\u00f6yledi.<\/p>\n","protected":false},"author":1,"featured_media":42973,"comment_status":"open","ping_status":"open","sticky":false,"template":"","format":"standard","meta":{"footnotes":""},"categories":[25],"tags":[912],"class_list":["post-42972","post","type-post","status-publish","format-standard","has-post-thumbnail","hentry","category-futbol","tag-nazillispor"],"_links":{"self":[{"href":"https:\/\/haberbesiktas.tr\/index.php?rest_route=\/wp\/v2\/posts\/42972","targetHints":{"allow":["GET"]}}],"collection":[{"href":"https:\/\/haberbesiktas.tr\/index.php?rest_route=\/wp\/v2\/posts"}],"about":[{"href":"https:\/\/haberbesiktas.tr\/index.php?rest_route=\/wp\/v2\/types\/post"}],"author":[{"embeddable":true,"href":"https:\/\/haberbesiktas.tr\/index.php?rest_route=\/wp\/v2\/users\/1"}],"replies":[{"embeddable":true,"href":"https:\/\/haberbesiktas.tr\/index.php?rest_route=%2Fwp%2Fv2%2Fcomments&post=42972"}],"version-history":[{"count":1,"href":"https:\/\/haberbesiktas.tr\/index.php?rest_route=\/wp\/v2\/posts\/42972\/revisions"}],"predecessor-version":[{"id":42974,"href":"https:\/\/haberbesiktas.tr\/index.php?rest_route=\/wp\/v2\/posts\/42972\/revisions\/42974"}],"wp:featuredmedia":[{"embeddable":true,"href":"https:\/\/haberbesiktas.tr\/index.php?rest_route=\/wp\/v2\/media\/42973"}],"wp:attachment":[{"href":"https:\/\/haberbesiktas.tr\/index.php?rest_route=%2Fwp%2Fv2%2Fmedia&parent=42972"}],"wp:term":[{"taxonomy":"category","embeddable":true,"href":"https:\/\/haberbesiktas.tr\/index.php?rest_route=%2Fwp%2Fv2%2Fcategories&post=42972"},{"taxonomy":"post_tag","embeddable":true,"href":"https:\/\/haberbesiktas.tr\/index.php?rest_route=%2Fwp%2Fv2%2Ftags&post=42972"}],"curies":[{"name":"wp","href":"https:\/\/api.w.org\/{rel}","templated":true}]}}