{"id":43048,"date":"2025-06-29T14:00:13","date_gmt":"2025-06-29T14:00:13","guid":{"rendered":"https:\/\/haberbesiktas.tr\/?p=43048"},"modified":"2025-06-29T14:00:13","modified_gmt":"2025-06-29T14:00:13","slug":"yakup-sekizkok-sampiyonluk-hedefine-kilitlendik","status":"publish","type":"post","link":"https:\/\/haberbesiktas.tr\/?p=43048","title":{"rendered":"Yakup Sekizk\u00f6k: &#8220;\u015eampiyonluk hedefine kilitlendik&#8221;"},"content":{"rendered":"<div>Galatasaray Erkek Basketbol Grubu Ba\u015fantren\u00f6r\u00fc Yakup Sekizk\u00f6k, D\u00f6rtl\u00fc Final&#8217;e kald\u0131klar\u0131 \u015eampiyonlar Ligi&#8217;nde kupay\u0131 hedeflediklerini s\u00f6yledi.<\/p>\n<p> Sekizk\u00f6k, Basketbol Geli\u015fim Merkezi&#8217;nde \u00c7ekya temsilcisi ERA Nymburk&#8217;u 90-74 yenerek D\u00f6rtl\u00fc Final&#8217;e kald\u0131klar\u0131 ma\u00e7\u0131n akabinde bas\u0131n mensuplar\u0131na a\u00e7\u0131klamalarda bulundu.<\/p>\n<p> D\u00f6nem ba\u015f\u0131ndaki ama\u00e7lar\u0131n\u0131 b\u00fcy\u00fctt\u00fcklerini belirten deneyimli ba\u015fantren\u00f6r, &#8220;Sezon ba\u015f\u0131nda koydu\u011fumuz gayelerden birine ula\u015ft\u0131k. Lakin Malaga ma\u00e7\u0131ndan sonra zati maksad\u0131m\u0131z\u0131 g\u00fcncellemi\u015ftik. Finale kadar gidip, \u015fampiyon olarak kupay\u0131 almak istedi\u011fimizi s\u00f6ylemi\u015ftik. O g\u00fcnden beri de bu gayeye kilitlendik. \u015eimdiye kadar d\u00fczg\u00fcn ge\u00e7iyor. Basamaklar\u0131 hakikat ilerliyoruz, yanl\u0131\u015fs\u0131z ad\u0131mlar at\u0131yoruz, hakikat basketbol oynuyoruz. Art\u0131k yar\u0131 finaldeki rakibimizi bekliyoruz. Ondan sonra haz\u0131rl\u0131klar\u0131m\u0131za ba\u015flayaca\u011f\u0131z.&#8221; diye konu\u015ftu.<\/p>\n<p> Sekizk\u00f6k, 2016&#8217;daki Avrupa Kupas\u0131&#8217;n\u0131 kazand\u0131ktan sonra milletleraras\u0131 arenada \u015fampiyonluk ya\u015fayamad\u0131klar\u0131n\u0131 hat\u0131rlatarak, &#8220;Y\u0131llard\u0131r bu kupada oynuyoruz. Avrupa Kupas\u0131 \u015fampiyonlu\u011fundan beri Avrupa&#8217;da bu d\u00fczeylere gelemedik. O kupan\u0131n yan\u0131na bir kupa daha koymak istiyoruz. Bunun i\u00e7in var\u0131m\u0131zla g\u00fcc\u00fcm\u00fczle \u00e7al\u0131\u015f\u0131yoruz. \u00c7ocuklar da \u00e7ok emek verdi. Bu emeklerinin kar\u015f\u0131l\u0131\u011f\u0131ndan \u015fampiyonlu\u011fun gelece\u011fine inan\u0131yorum.&#8221; tabirlerini kulland\u0131.<\/p>\n<p> Grubunun d\u00fczg\u00fcn bir sinerji yakalad\u0131\u011f\u0131n\u0131 anlatan Sekizk\u00f6k, &#8220;Sezon ba\u015f\u0131ndan beri \u00e7al\u0131\u015f\u0131yoruz lakin bu son iki ma\u00e7taki oyun, sinerji kolay kolay ula\u015f\u0131lacak bir \u015fey de\u011fil. G\u00fcya kadro birlikte ikinci d\u00f6nemde oynuyormu\u015f \u00fczere iki ma\u00e7\u0131 rahat kazand\u0131. Nymburk \u00e7ok uygun ve disiplinli bir kadro. \u00c7ok tempolu basketbol oynuyorlar, \u00e7ok sert savunma yap\u0131yorlar. Bu kadro kar\u015f\u0131s\u0131nda iki net galibiyet ald\u0131k, hem savunmada hem de atakta alana istedi\u011fimizi yans\u0131tt\u0131k. Bu ahengi s\u00fcrd\u00fcrebilirsek in\u015fallah hem D\u00f6rtl\u00fc Final&#8217;de hem de T\u00fcrkiye Ligi&#8217;nde de \u00f6n\u00fcm\u00fcz a\u00e7\u0131k.&#8221; de\u011ferlendirmesinde bulundu.<\/p>\n<p> Sar\u0131-k\u0131rm\u0131z\u0131l\u0131 tak\u0131m\u0131n ba\u015fantren\u00f6r\u00fc, son 15 dakikada m\u00fcddet alamayan ABD&#8217;li oyuncu Rob Gray&#8217;in sakatl\u0131\u011f\u0131yla ilgili, &#8220;Rob Gray&#8217;in sakatl\u0131\u011f\u0131 bizi \u00fczd\u00fc. Yeni gelmesine kar\u015f\u0131n \u00e7ok \u00e7abuk ahenk sa\u011flam\u0131\u015ft\u0131. Bir MR \u00e7ekilip durumuna bak\u0131lacak. D\u00f6rtl\u00fc Final&#8217;e yakla\u015f\u0131k 3 hafta var. Ayr\u0131yeten elimizde Tyrone Wallace \u00fczere \u00e7ok de\u011ferli bir oyuncumuz var. Buralar\u0131 oynayabilecek \u00e7ok b\u00fcy\u00fck bir deneyime sahip. Asl\u0131nda Wallace, D\u00f6rtl\u00fc Final&#8217;e yeti\u015fecek. \u0130n\u015fallah Rob da sa\u011fl\u0131kl\u0131 olur ve D\u00f6rtl\u00fc Final&#8217;e tam tak\u0131m haz\u0131rlan\u0131r\u0131z.&#8221; bi\u00e7iminde g\u00f6r\u00fc\u015f belirtti.<\/p>\n<p> <strong>&#8211; G\u00f6ksenin: &#8220;\u00d6zlenen g\u00fcnlere geri d\u00f6nd\u00fck&#8221;<\/strong><\/p>\n<p> Grup kaptan\u0131 G\u00f6ksenin K\u00f6ksal da maksatlar\u0131n\u0131n \u015fampiyonluk oldu\u011funu vurgulad\u0131.<\/p>\n<p> Kendilerini desteklemek i\u00e7in Basketbol Geli\u015fim Merkezi&#8217;ne gelen taraftarlar\u0131na te\u015fekk\u00fcr eden G\u00f6ksenin, &#8220;\u00d6ncelikle taraftar\u0131m\u0131za hakikaten \u00e7ok te\u015fekk\u00fcr. Onlar olmasa buralara gelmemiz \u00e7ok zordu. Nymburk, buraya gelene kadar deplasmanda hi\u00e7 ma\u00e7 kaybetmedi. \u00c7ok tehlikeli bir kadro lakin taraftar\u0131m\u0131z\u0131 da ard\u0131m\u0131za alarak farkl\u0131 bir galibiyet elde ettik. Art\u0131k D\u00f6rtl\u00fc Final&#8217;deyiz. \u00d6zlenen g\u00fcnlere geri d\u00f6nd\u00fck. En son 2016&#8217;da Avrupa Kupas\u0131&#8217;nda \u015fampiyon olmu\u015ftuk. Art\u0131k D\u00f6rtl\u00fc Final&#8217;de tek maksad\u0131m\u0131z ve amac\u0131m\u0131z \u015fampiyonluk. \u00d6n\u00fcm\u00fczde iki ma\u00e7 var. \u0130n\u015fallah \u015fampiyon olaca\u011f\u0131z.&#8221; diye konu\u015ftu.<\/p>\n<p> \u015eampiyonlar Ligi&#8217;nin en g\u00fczel ekibi olduklar\u0131n\u0131 aktaran G\u00f6ksenin, &#8220;Avrupa&#8217;n\u0131n en b\u00fcy\u00fck taraftar\u0131na sahip oldu\u011fumuzu herkes biliyor. 2016&#8217;dan sonra son devirlerde beklenen ba\u015far\u0131y\u0131 yakalayamam\u0131\u015ft\u0131k. Bence \u015eampiyonlar Ligi&#8217;nin en g\u00fczel kadrosuyuz. Bunu da g\u00f6sterip \u015fampiyon olaca\u011f\u0131z.&#8221; diyerek kelamlar\u0131n\u0131 tamamlad\u0131.<\/p>\n<\/div>\n","protected":false},"excerpt":{"rendered":"<p>Galatasaray Erkek Basketbol Kadrosu Ba\u015fantren\u00f6r\u00fc Yakup Sekizk\u00f6k, \u00c7ekya temsilcisi ERA Nymburk&#8217;u 90-74 yenerek D\u00f6rtl\u00fc Final&#8217;e kald\u0131klar\u0131 ma\u00e7\u0131n akabinde bas\u0131n mensuplar\u0131na a\u00e7\u0131klamalarda bulundu.<\/p>\n","protected":false},"author":1,"featured_media":43049,"comment_status":"open","ping_status":"open","sticky":false,"template":"","format":"standard","meta":{"footnotes":""},"categories":[10],"tags":[205,120,50,91,52],"class_list":["post-43048","post","type-post","status-publish","format-standard","has-post-thumbnail","hentry","category-basketbol","tag-avrupa","tag-kupa","tag-mac","tag-sampiyon","tag-takim"],"_links":{"self":[{"href":"https:\/\/haberbesiktas.tr\/index.php?rest_route=\/wp\/v2\/posts\/43048","targetHints":{"allow":["GET"]}}],"collection":[{"href":"https:\/\/haberbesiktas.tr\/index.php?rest_route=\/wp\/v2\/posts"}],"about":[{"href":"https:\/\/haberbesiktas.tr\/index.php?rest_route=\/wp\/v2\/types\/post"}],"author":[{"embeddable":true,"href":"https:\/\/haberbesiktas.tr\/index.php?rest_route=\/wp\/v2\/users\/1"}],"replies":[{"embeddable":true,"href":"https:\/\/haberbesiktas.tr\/index.php?rest_route=%2Fwp%2Fv2%2Fcomments&post=43048"}],"version-history":[{"count":1,"href":"https:\/\/haberbesiktas.tr\/index.php?rest_route=\/wp\/v2\/posts\/43048\/revisions"}],"predecessor-version":[{"id":43050,"href":"https:\/\/haberbesiktas.tr\/index.php?rest_route=\/wp\/v2\/posts\/43048\/revisions\/43050"}],"wp:featuredmedia":[{"embeddable":true,"href":"https:\/\/haberbesiktas.tr\/index.php?rest_route=\/wp\/v2\/media\/43049"}],"wp:attachment":[{"href":"https:\/\/haberbesiktas.tr\/index.php?rest_route=%2Fwp%2Fv2%2Fmedia&parent=43048"}],"wp:term":[{"taxonomy":"category","embeddable":true,"href":"https:\/\/haberbesiktas.tr\/index.php?rest_route=%2Fwp%2Fv2%2Fcategories&post=43048"},{"taxonomy":"post_tag","embeddable":true,"href":"https:\/\/haberbesiktas.tr\/index.php?rest_route=%2Fwp%2Fv2%2Ftags&post=43048"}],"curies":[{"name":"wp","href":"https:\/\/api.w.org\/{rel}","templated":true}]}}