{"id":43051,"date":"2025-06-29T14:12:05","date_gmt":"2025-06-29T14:12:05","guid":{"rendered":"https:\/\/haberbesiktas.tr\/?p=43051"},"modified":"2025-06-29T14:12:05","modified_gmt":"2025-06-29T14:12:05","slug":"miguel-mendez-cok-iyi-bir-takima-sahibiz","status":"publish","type":"post","link":"https:\/\/haberbesiktas.tr\/?p=43051","title":{"rendered":"Miguel Mendez: &#8220;\u00c7ok iyi bir tak\u0131ma sahibiz&#8221;"},"content":{"rendered":"<div>ING Bayanlar Basketbol S\u00fcper Ligi final serisi birinci ma\u00e7\u0131nda yar\u0131n \u00c7imsa \u00c7BK Mersin&#8217;i konuk edecek Fenerbah\u00e7e Opet, ba\u015fantren\u00f6r Miguel Mendez idaresindeki birinci antrenman\u0131n\u0131 yapt\u0131.<\/p>\n<p> \u0130dman sonras\u0131 sar\u0131-lacivertli kul\u00fcb\u00fcn televizyon kanal\u0131na a\u00e7\u0131klamalarda bulunan Mendez, m\u00fckemmel bir ortamda oldu\u011funu lisana getirerek, &#8220;\u00d6n\u00fcm\u00fczde yaln\u0131zca 24 saat var fakat grup haz\u0131r olacak. \u00c7ok uygun bir tak\u0131ma sahibiz. Ligde kuraldan \u00f6t\u00fcr\u00fc kimi durumlarda eksikliklerimiz olabiliyor lakin kazanmak i\u00e7in oynayacak bir grubuz. \u00d6n\u00fcm\u00fczde bir final ma\u00e7\u0131 var. Her g\u00fcn daha da yeterli olaca\u011f\u0131z. G\u00fc\u00e7l\u00fc taraflar\u0131m\u0131z var.&#8221; tabirlerini kulland\u0131.<\/p>\n<p> Fenerbah\u00e7e Opet Genel Menajeri \u0130stek \u00d6zyi\u011fit ise Avrupa Ligi&#8217;nde \u00fcst \u00fcste iki kere \u015fampiyon olduklar\u0131n\u0131 hat\u0131rlatarak, &#8220;Bu d\u00f6nem Avrupa \u00fc\u00e7\u00fcnc\u00fcs\u00fc olmak taraftarlar\u0131m\u0131z\u0131 \u00fczd\u00fc. Bir yandan bu ho\u015f bir \u015fey zira taraftarlar\u0131m\u0131z ve toplulu\u011fumuz bizden her vakit \u015fampiyonluk bekliyor. Bu durum her vakit liderli\u011fe oynayan bir ekip oldu\u011fumuzu g\u00f6sterir ancak ola\u011fan ki \u00fczg\u00fcn\u00fcz.&#8221; diye konu\u015ftu.<\/p>\n<p> Miguel Mendez&#8217;in muvaffakiyetlerinin bilindi\u011fini lisana getiren \u0130stek \u00d6zyi\u011fit, &#8220;Hedeflerimizden hi\u00e7bir vakit \u015fa\u015fmad\u0131k. Teker teker tekrar ama\u00e7lar\u0131m\u0131za ula\u015faca\u011f\u0131z. \u00d6nce T\u00fcrkiye Ligi \u015fampiyonlu\u011funu alaca\u011f\u0131m\u0131za inan\u0131yorum. Daha sonra \u00f6n\u00fcm\u00fczdeki sene taraftarlar\u0131m\u0131z\u0131 memnun edecek bir yap\u0131land\u0131rmayla t\u00fcm kupalara talibiz. Biz, \u00f6teki bir \u015fey s\u00f6yleyemeyiz zira bu bizim hamurumuzda var. Fenerbah\u00e7e, d\u00fcnyan\u0131n en b\u00fcy\u00fck spor kul\u00fcb\u00fc. Biz de buna lay\u0131k olmaya \u00e7al\u0131\u015f\u0131yoruz.&#8221; de\u011ferlendirmesinde bulundu.<\/p>\n<p> \u00a0<\/p>\n<\/div>\n","protected":false},"excerpt":{"rendered":"<p>Fenerbah\u00e7e Opet Bayan Basketbol Kadrosu&#8217;nun yeni ba\u015fantren\u00f6r\u00fc Miguel Mendez, kadro olarak her ge\u00e7en g\u00fcn daha g\u00fczele gideceklerini belirtti.<\/p>\n","protected":false},"author":1,"featured_media":43052,"comment_status":"open","ping_status":"open","sticky":false,"template":"","format":"standard","meta":{"footnotes":""},"categories":[10],"tags":[],"class_list":["post-43051","post","type-post","status-publish","format-standard","has-post-thumbnail","hentry","category-basketbol"],"_links":{"self":[{"href":"https:\/\/haberbesiktas.tr\/index.php?rest_route=\/wp\/v2\/posts\/43051","targetHints":{"allow":["GET"]}}],"collection":[{"href":"https:\/\/haberbesiktas.tr\/index.php?rest_route=\/wp\/v2\/posts"}],"about":[{"href":"https:\/\/haberbesiktas.tr\/index.php?rest_route=\/wp\/v2\/types\/post"}],"author":[{"embeddable":true,"href":"https:\/\/haberbesiktas.tr\/index.php?rest_route=\/wp\/v2\/users\/1"}],"replies":[{"embeddable":true,"href":"https:\/\/haberbesiktas.tr\/index.php?rest_route=%2Fwp%2Fv2%2Fcomments&post=43051"}],"version-history":[{"count":1,"href":"https:\/\/haberbesiktas.tr\/index.php?rest_route=\/wp\/v2\/posts\/43051\/revisions"}],"predecessor-version":[{"id":43053,"href":"https:\/\/haberbesiktas.tr\/index.php?rest_route=\/wp\/v2\/posts\/43051\/revisions\/43053"}],"wp:featuredmedia":[{"embeddable":true,"href":"https:\/\/haberbesiktas.tr\/index.php?rest_route=\/wp\/v2\/media\/43052"}],"wp:attachment":[{"href":"https:\/\/haberbesiktas.tr\/index.php?rest_route=%2Fwp%2Fv2%2Fmedia&parent=43051"}],"wp:term":[{"taxonomy":"category","embeddable":true,"href":"https:\/\/haberbesiktas.tr\/index.php?rest_route=%2Fwp%2Fv2%2Fcategories&post=43051"},{"taxonomy":"post_tag","embeddable":true,"href":"https:\/\/haberbesiktas.tr\/index.php?rest_route=%2Fwp%2Fv2%2Ftags&post=43051"}],"curies":[{"name":"wp","href":"https:\/\/api.w.org\/{rel}","templated":true}]}}