{"id":43111,"date":"2025-06-29T18:12:08","date_gmt":"2025-06-29T18:12:08","guid":{"rendered":"https:\/\/haberbesiktas.tr\/?p=43111"},"modified":"2025-06-29T18:12:08","modified_gmt":"2025-06-29T18:12:08","slug":"besiktastan-partey-hamlesi","status":"publish","type":"post","link":"https:\/\/haberbesiktas.tr\/?p=43111","title":{"rendered":"Be\u015fikta\u015f&#8217;tan Partey hamlesi!"},"content":{"rendered":"<div>\n<p>Yeni d\u00f6neme tezli bir tak\u0131m ile girmeye haz\u0131rlanan Be\u015fikta\u015f, bonservis bedeli \u00f6demeyece\u011fi oyunculara tart\u0131 vermi\u015f durumda.<\/p>\n<p> Orta alanda Gedson Fernandes&#8217;in yan\u0131n\u0131 kaliteli bir isimle doldurmak isteyen siyah-beyazl\u0131lar, d\u00f6nem sonunda \u0130ngiliz grubu Arsenal&#8217;den ayr\u0131lacak olan Thomas Partey ile ilgileniyor.<\/p>\n<p><strong>Y\u00dcKSEK MAA\u015e \u00d6NERECEK<\/strong><\/p>\n<p> Kontrat\u0131 d\u00f6nem sonunda bitecek olan oyuncu ile tak\u0131m\u0131n\u0131 g\u00fc\u00e7lendirmek isteyen siyah-beyazl\u0131lar bu transferde yaln\u0131z de\u011fil. \u0130spanya&#8217;dan da talipleri bulunan 31 ya\u015f\u0131ndaki futbolcu i\u00e7in te\u015febb\u00fcste bulunacak olan idare, y\u00fcksek bir maa\u015f \u00f6nerecek.<\/p>\n<p><strong>BE\u015e\u0130KTA\u015e&#8217;A TRANSFERDE RAK\u0130PLER VAR<\/strong><\/p>\n<p> Be\u015fikta\u015f, d\u00f6nem sonunda Arsenal ile olan kontrat\u0131 sona erecek Thomas Partey ile ilgileniyor. Be\u015fikta\u015f&#8217;a transferde \u0130spanya&#8217;dan rakipleri var.\u00a0<\/p>\n<div>\u00a0<\/div>\n<\/div>\n","protected":false},"excerpt":{"rendered":"<p>Be\u015fikta\u015f, Arsenal ile yollar\u0131 ay\u0131racak olan Thomas Partey i\u00e7in devreye girdi.<\/p>\n","protected":false},"author":1,"featured_media":43112,"comment_status":"open","ping_status":"open","sticky":false,"template":"","format":"standard","meta":{"footnotes":""},"categories":[25],"tags":[],"class_list":["post-43111","post","type-post","status-publish","format-standard","has-post-thumbnail","hentry","category-futbol"],"_links":{"self":[{"href":"https:\/\/haberbesiktas.tr\/index.php?rest_route=\/wp\/v2\/posts\/43111","targetHints":{"allow":["GET"]}}],"collection":[{"href":"https:\/\/haberbesiktas.tr\/index.php?rest_route=\/wp\/v2\/posts"}],"about":[{"href":"https:\/\/haberbesiktas.tr\/index.php?rest_route=\/wp\/v2\/types\/post"}],"author":[{"embeddable":true,"href":"https:\/\/haberbesiktas.tr\/index.php?rest_route=\/wp\/v2\/users\/1"}],"replies":[{"embeddable":true,"href":"https:\/\/haberbesiktas.tr\/index.php?rest_route=%2Fwp%2Fv2%2Fcomments&post=43111"}],"version-history":[{"count":1,"href":"https:\/\/haberbesiktas.tr\/index.php?rest_route=\/wp\/v2\/posts\/43111\/revisions"}],"predecessor-version":[{"id":43113,"href":"https:\/\/haberbesiktas.tr\/index.php?rest_route=\/wp\/v2\/posts\/43111\/revisions\/43113"}],"wp:featuredmedia":[{"embeddable":true,"href":"https:\/\/haberbesiktas.tr\/index.php?rest_route=\/wp\/v2\/media\/43112"}],"wp:attachment":[{"href":"https:\/\/haberbesiktas.tr\/index.php?rest_route=%2Fwp%2Fv2%2Fmedia&parent=43111"}],"wp:term":[{"taxonomy":"category","embeddable":true,"href":"https:\/\/haberbesiktas.tr\/index.php?rest_route=%2Fwp%2Fv2%2Fcategories&post=43111"},{"taxonomy":"post_tag","embeddable":true,"href":"https:\/\/haberbesiktas.tr\/index.php?rest_route=%2Fwp%2Fv2%2Ftags&post=43111"}],"curies":[{"name":"wp","href":"https:\/\/api.w.org\/{rel}","templated":true}]}}