{"id":43114,"date":"2025-06-29T18:24:10","date_gmt":"2025-06-29T18:24:10","guid":{"rendered":"https:\/\/haberbesiktas.tr\/?p=43114"},"modified":"2025-06-29T18:24:10","modified_gmt":"2025-06-29T18:24:10","slug":"trabzonsporda-ugurcan-cakira-yeni-gorev","status":"publish","type":"post","link":"https:\/\/haberbesiktas.tr\/?p=43114","title":{"rendered":"Trabzonspor&#8217;da U\u011furcan \u00c7ak\u0131r&#8217;a yeni g\u00f6rev"},"content":{"rendered":"<div>Trabzonspor&#8217;un kaptan\u0131 U\u011furcan \u00c7ak\u0131r, kalecili\u011fin kitab\u0131n\u0131 ba\u015ftan yaz\u0131yor.<\/p>\n<p><strong>FARKLI B\u0130R G\u00d6REV<\/strong><\/p>\n<p> 29 ya\u015f\u0131ndaki file bek\u00e7isi, kurtar\u0131\u015flar\u0131yla d\u00f6neme damga vururken teknik y\u00f6netici Fatih Tekke misyona geldi\u011finden bu yana \u00e7ok farkl\u0131 bir misyon da \u00fcstlendi. Bordo-mavili grubun atak setleri, U\u011furcan&#8217;\u0131n topu oyuna sokmas\u0131yla ba\u015fl\u0131yor. Ulusal eldiven de ayaklar\u0131n\u0131 adeta bir orta saha \u00fczere tesirli kullan\u0131yor.<\/p>\n<p><strong>R\u0130ZESPOR MA\u00c7I PERFORMANSI<\/strong><\/p>\n<p> Rizespor ma\u00e7\u0131nda 36 pas denemesinde 31 isabet sa\u011flayarak y\u00fczde 86&#8217;l\u0131k orana ula\u015ft\u0131. Bu oran, Avrupa&#8217;n\u0131n topa sahip olan ekiplerinde bile bir kaleci i\u00e7in y\u00fcksek seviyede\u2026 Ayr\u0131yeten Rize m\u00fcsabakas\u0131nda att\u0131\u011f\u0131 13 havadan pas\u0131n da tamam\u0131 isabetliydi. Bu, bilhassa rakip presine kar\u015f\u0131 birinci b\u00f6lgeden topu inan\u00e7la \u00e7\u0131karan bir kalecinin varl\u0131\u011f\u0131yla Trabzonspor&#8217;un rahat oyun kurmas\u0131n\u0131 sa\u011flad\u0131. U\u011furcan, 23 kere ileri pas denemesi yaparken 18&#8217;inde isabet buldu.<\/p>\n<p> Kar\u015f\u0131la\u015fmada Trabzonspor&#8217;un PPDA (rakibe m\u00fcsaade verilen pas say\u0131s\u0131) k\u0131ymeti 3.35 idi. U\u011furcan \u00c7ak\u0131r, y\u00fcksek pres alt\u0131nda dahi topu kaybetmeden y\u00f6nlendirme yaparak hem presi k\u0131rd\u0131 hem de \u00c7aykur Rizespor&#8217;un \u00f6n alan bask\u0131s\u0131n\u0131 etkisiz hale getirdi. Fatih Tekke misyona gelmeden evvel &#8220;U\u011furcan&#8217;\u0131n ayaklar\u0131 d\u00fczg\u00fcn lakin bazen kullanm\u0131yor&#8221; demi\u015fti. Koltu\u011fa oturunca da birinci yapt\u0131\u011f\u0131 i\u015flerden biri, kaptan\u0131n bu \u00f6zelli\u011fini kullanmak oldu.<\/p>\n<\/div>\n","protected":false},"excerpt":{"rendered":"<p>Trabzonspor&#8217;un kaptan\u0131 U\u011furcan \u00c7ak\u0131r, teknik y\u00f6neticili\u011fe Fatih Tekke&#8217;nin gelmesinin akabinde farkl\u0131 bir vazife \u00fcstlendi.<\/p>\n","protected":false},"author":1,"featured_media":43115,"comment_status":"open","ping_status":"open","sticky":false,"template":"","format":"standard","meta":{"footnotes":""},"categories":[25],"tags":[1821],"class_list":["post-43114","post","type-post","status-publish","format-standard","has-post-thumbnail","hentry","category-futbol","tag-ugurcan"],"_links":{"self":[{"href":"https:\/\/haberbesiktas.tr\/index.php?rest_route=\/wp\/v2\/posts\/43114","targetHints":{"allow":["GET"]}}],"collection":[{"href":"https:\/\/haberbesiktas.tr\/index.php?rest_route=\/wp\/v2\/posts"}],"about":[{"href":"https:\/\/haberbesiktas.tr\/index.php?rest_route=\/wp\/v2\/types\/post"}],"author":[{"embeddable":true,"href":"https:\/\/haberbesiktas.tr\/index.php?rest_route=\/wp\/v2\/users\/1"}],"replies":[{"embeddable":true,"href":"https:\/\/haberbesiktas.tr\/index.php?rest_route=%2Fwp%2Fv2%2Fcomments&post=43114"}],"version-history":[{"count":1,"href":"https:\/\/haberbesiktas.tr\/index.php?rest_route=\/wp\/v2\/posts\/43114\/revisions"}],"predecessor-version":[{"id":43116,"href":"https:\/\/haberbesiktas.tr\/index.php?rest_route=\/wp\/v2\/posts\/43114\/revisions\/43116"}],"wp:featuredmedia":[{"embeddable":true,"href":"https:\/\/haberbesiktas.tr\/index.php?rest_route=\/wp\/v2\/media\/43115"}],"wp:attachment":[{"href":"https:\/\/haberbesiktas.tr\/index.php?rest_route=%2Fwp%2Fv2%2Fmedia&parent=43114"}],"wp:term":[{"taxonomy":"category","embeddable":true,"href":"https:\/\/haberbesiktas.tr\/index.php?rest_route=%2Fwp%2Fv2%2Fcategories&post=43114"},{"taxonomy":"post_tag","embeddable":true,"href":"https:\/\/haberbesiktas.tr\/index.php?rest_route=%2Fwp%2Fv2%2Ftags&post=43114"}],"curies":[{"name":"wp","href":"https:\/\/api.w.org\/{rel}","templated":true}]}}